{"id":353829,"date":"2022-08-27T16:38:19","date_gmt":"2022-08-27T14:38:19","guid":{"rendered":"https:\/\/www.pcnen.com\/portal\/?p=353829"},"modified":"2022-08-27T20:37:45","modified_gmt":"2022-08-27T18:37:45","slug":"porfirije-pozvao-bivseg-ambasadora-bozovica-da-dode-u-herceg-novi","status":"publish","type":"post","link":"https:\/\/www.pcnen.com\/portal\/2022\/08\/27\/porfirije-pozvao-bivseg-ambasadora-bozovica-da-dode-u-herceg-novi\/","title":{"rendered":"Porfirije pozvao biv\u0161eg ambasadora Bo\u017eovi\u0107a da do\u0111e u Herceg Novi"},"content":{"rendered":"<p>Bo\u017eovi\u0107 je\u00a0 za <a href=\"https:\/\/quicknews.rs\/vesti\/info\/region\/vest\/5364\/uzivo-iz-herceg-novog-patrijarh-porfirije-i-ambasador-bozovic-na-proslavi-640-godina-nase-crkve-u-boki-foto-\">quicknews.rs<\/a> potvrdio da \u0107e biti prisutan na toj sve\u010danosti i podijeliti ogromnu radost sa Srpskom pravoslavnom crkvom i narodom u Crnoj Gori.<\/p>\n<p>Patrijarh je ve\u0107 doputovao u Crnu Goru, a povodom njegovog dolaska \u010ditav Herceg Novi je ukra\u0161en srbijanskim zastavama.<\/p>\n<p>&nbsp;<\/p>\n<blockquote class=\"wp-embedded-content\" data-secret=\"HZuj99eFOL\"><p><a href=\"https:\/\/www.pcnen.com\/portal\/2022\/08\/17\/danas-lokacija-bozovica-nepoznata-mjesecno-prima-4-500-eura\/\">Danas: Lokacija Bo\u017eovi\u0107a nepoznata, mjese\u010dno prima 4.500 eura<\/a><\/p><\/blockquote>\n<p><iframe loading=\"lazy\" class=\"wp-embedded-content\" sandbox=\"allow-scripts\" security=\"restricted\" style=\"position: absolute; clip: rect(1px, 1px, 1px, 1px);\" title=\"&#8220;Danas: Lokacija Bo\u017eovi\u0107a nepoznata, mjese\u010dno prima 4.500 eura&#8221; &#8212; PCNEN\" src=\"https:\/\/www.pcnen.com\/portal\/2022\/08\/17\/danas-lokacija-bozovica-nepoznata-mjesecno-prima-4-500-eura\/embed\/#?secret=rZRsjqHpiw#?secret=HZuj99eFOL\" data-secret=\"HZuj99eFOL\" width=\"600\" height=\"338\" frameborder=\"0\" marginwidth=\"0\" marginheight=\"0\" scrolling=\"no\"><\/iframe><\/p>\n","protected":false},"excerpt":{"rendered":"<p>Na poziv patrijarha srpskog Porfirija, biv\u0161i ambasador Srbije u Crnoj Gori Vladimir Bo\u017eovi\u0107 prisustvova\u0107e proslavi 640. godina od osnivanja grada Herceg Novog i slave manastira Savina \u2013 Velike Gospojine.<\/p>\n","protected":false},"author":1,"featured_media":353830,"comment_status":"open","ping_status":"closed","sticky":false,"template":"","format":"standard","meta":{"_seopress_robots_primary_cat":"","_seopress_titles_title":"","_seopress_titles_desc":"","_seopress_robots_index":"","_et_pb_use_builder":"","_et_pb_old_content":"","_et_gb_content_width":"","inline_featured_image":false,"footnotes":""},"categories":[14],"tags":[],"class_list":["post-353829","post","type-post","status-publish","format-standard","has-post-thumbnail","hentry","category-vijesti"],"_links":{"self":[{"href":"https:\/\/www.pcnen.com\/portal\/wp-json\/wp\/v2\/posts\/353829","targetHints":{"allow":["GET"]}}],"collection":[{"href":"https:\/\/www.pcnen.com\/portal\/wp-json\/wp\/v2\/posts"}],"about":[{"href":"https:\/\/www.pcnen.com\/portal\/wp-json\/wp\/v2\/types\/post"}],"author":[{"embeddable":true,"href":"https:\/\/www.pcnen.com\/portal\/wp-json\/wp\/v2\/users\/1"}],"replies":[{"embeddable":true,"href":"https:\/\/www.pcnen.com\/portal\/wp-json\/wp\/v2\/comments?post=353829"}],"version-history":[{"count":4,"href":"https:\/\/www.pcnen.com\/portal\/wp-json\/wp\/v2\/posts\/353829\/revisions"}],"predecessor-version":[{"id":353862,"href":"https:\/\/www.pcnen.com\/portal\/wp-json\/wp\/v2\/posts\/353829\/revisions\/353862"}],"wp:featuredmedia":[{"embeddable":true,"href":"https:\/\/www.pcnen.com\/portal\/wp-json\/wp\/v2\/media\/353830"}],"wp:attachment":[{"href":"https:\/\/www.pcnen.com\/portal\/wp-json\/wp\/v2\/media?parent=353829"}],"wp:term":[{"taxonomy":"category","embeddable":true,"href":"https:\/\/www.pcnen.com\/portal\/wp-json\/wp\/v2\/categories?post=353829"},{"taxonomy":"post_tag","embeddable":true,"href":"https:\/\/www.pcnen.com\/portal\/wp-json\/wp\/v2\/tags?post=353829"}],"curies":[{"name":"wp","href":"https:\/\/api.w.org\/{rel}","templated":true}]}}