{"id":353827,"date":"2022-08-27T16:18:41","date_gmt":"2022-08-27T14:18:41","guid":{"rendered":"https:\/\/www.pcnen.com\/portal\/?p=353827"},"modified":"2022-08-27T16:18:41","modified_gmt":"2022-08-27T14:18:41","slug":"lavrova-sprovodimo-miroljubivu-politiku-i-ujedinjujucu-agendu","status":"publish","type":"post","link":"https:\/\/www.pcnen.com\/portal\/2022\/08\/27\/lavrova-sprovodimo-miroljubivu-politiku-i-ujedinjujucu-agendu\/","title":{"rendered":"Lavrova: Sprovodimo miroljubivu politiku i ujedinjuju\u0107u agendu"},"content":{"rendered":"<p>\u201eRusija, najve\u0107a evroazijska i evro-pacifi\u010dka sila, dr\u017eava-civilizacija, nastavlja da sprovodi miroljubivu spoljnu politiku, da promovi\u0161e pozitivnu, ujedinjuju\u0107u, globalnu i regionalnu agendu usmjerenu ka budu\u0107nosti\u201c, rekao je Lavrov u video obra\u0107anju u\u010desnicima Petog globalnog foruma mladih diplomata u Kazanju, prenosi FoNet.<\/p>\n<p>Kako je dodao, Rusija ostaje \u010dvrsto privr\u017eena osnovnim principima me\u0111unarodne komunikacije sadr\u017eanim u Povelji UN, a prije svega principima suverene jednakosti dr\u017eava \u2013 i velikih i malih.<\/p>\n<p>\u201eMi smo dosledni zagovornici po\u0161tovanja kulturne i civilizacijske raznolikosti naroda, njihovog prava da sami odre\u0111uju svoju sudbinu. Istovremeno, kategori\u010dki odbacujemo neokolonijalni \u2018poredak zasnovan na pravilima\u2019 koji name\u0107e \u2018kolektivni Zapad\u2019, na \u010delu sa SAD. Taj poredak predvi\u0111a rasisti\u010dku podjelu svijeta na grupu izuzetnih, koja apriori ima indulgenciju za svake akcije i ostale zemlje koje su du\u017ene da prate \u2018zlatnu milijardu\u2019 i da slu\u017ee njenim interesima\u201c, naglasio je \u0161ef ruske diplomatije.<\/p>\n<p>Konstatuju\u0107i da su se u poslednjih \u010detvrt vijeka na me\u0111unarodnoj areni dogodile \u201ezaista tektonske promjene\u201c, Lavrov je poru\u010dio da je \u201esavremeni svijet objektivno multipolaran\u201c i da se ta geopoliti\u010dka stvarnost ne mo\u017ee ignorisati.<\/p>\n","protected":false},"excerpt":{"rendered":"<p>Ministar spoljnih poslova Rusije Sergej Lavrov je ocijenio da poredak, zasnovan na pravilima koje name\u0107e Zapad, predvi\u0111a rasisti\u010dku podjelu svijeta na izuzetne i ostale.<\/p>\n","protected":false},"author":1,"featured_media":333841,"comment_status":"open","ping_status":"closed","sticky":false,"template":"","format":"standard","meta":{"_seopress_robots_primary_cat":"","_seopress_titles_title":"","_seopress_titles_desc":"","_seopress_robots_index":"","_et_pb_use_builder":"","_et_pb_old_content":"","_et_gb_content_width":"","inline_featured_image":false,"footnotes":""},"categories":[14],"tags":[],"class_list":["post-353827","post","type-post","status-publish","format-standard","has-post-thumbnail","hentry","category-vijesti"],"_links":{"self":[{"href":"https:\/\/www.pcnen.com\/portal\/wp-json\/wp\/v2\/posts\/353827","targetHints":{"allow":["GET"]}}],"collection":[{"href":"https:\/\/www.pcnen.com\/portal\/wp-json\/wp\/v2\/posts"}],"about":[{"href":"https:\/\/www.pcnen.com\/portal\/wp-json\/wp\/v2\/types\/post"}],"author":[{"embeddable":true,"href":"https:\/\/www.pcnen.com\/portal\/wp-json\/wp\/v2\/users\/1"}],"replies":[{"embeddable":true,"href":"https:\/\/www.pcnen.com\/portal\/wp-json\/wp\/v2\/comments?post=353827"}],"version-history":[{"count":1,"href":"https:\/\/www.pcnen.com\/portal\/wp-json\/wp\/v2\/posts\/353827\/revisions"}],"predecessor-version":[{"id":353828,"href":"https:\/\/www.pcnen.com\/portal\/wp-json\/wp\/v2\/posts\/353827\/revisions\/353828"}],"wp:featuredmedia":[{"embeddable":true,"href":"https:\/\/www.pcnen.com\/portal\/wp-json\/wp\/v2\/media\/333841"}],"wp:attachment":[{"href":"https:\/\/www.pcnen.com\/portal\/wp-json\/wp\/v2\/media?parent=353827"}],"wp:term":[{"taxonomy":"category","embeddable":true,"href":"https:\/\/www.pcnen.com\/portal\/wp-json\/wp\/v2\/categories?post=353827"},{"taxonomy":"post_tag","embeddable":true,"href":"https:\/\/www.pcnen.com\/portal\/wp-json\/wp\/v2\/tags?post=353827"}],"curies":[{"name":"wp","href":"https:\/\/api.w.org\/{rel}","templated":true}]}}