{"id":353820,"date":"2022-08-27T15:57:53","date_gmt":"2022-08-27T13:57:53","guid":{"rendered":"https:\/\/www.pcnen.com\/portal\/?p=353820"},"modified":"2022-08-27T17:16:02","modified_gmt":"2022-08-27T15:16:02","slug":"sinod-spc-pozdravio-otkazivanje-europrajda","status":"publish","type":"post","link":"https:\/\/www.pcnen.com\/portal\/2022\/08\/27\/sinod-spc-pozdravio-otkazivanje-europrajda\/","title":{"rendered":"Sinod SPC pozdravio otkazivanje Europrajda"},"content":{"rendered":"<p>\u201cSveti Arhijerejski Sinod je uvjeren da odr\u017eavanje ove \u201eparade\u201d, u slu\u017ebi promovisanja LGBT-ideologije, koja poku\u0161ava da se nametne Evropi i takozvanom zapadnom svijetu uop\u0161te, pa, na\u017ealost, i na\u0161em narodu, ne bi bilo od koristi nikome nego bi, naprotiv, izazvalo dodatne tenzije i nove podjele, a me\u0111u vjernicima Srpske Pravoslavne Crkve i svih ostalih tradicionalnih Crkava i vjerskih zajednica u Srbiji ogor\u010denje i revolt\u201d, n<a href=\"https:\/\/spc.rs\/saopstenje-za-javnost-13\/\">avode oni na sajtu Sinoda.<\/a><\/p>\n<p>I sama \u201eLGBT\u201d-tematika je neumjesna posebno u dane kada za Srbe, u Srbiji i svugdje u svijetu, postoji tema nad temama, tema Kosova i Metohije.<\/p>\n<p>\u201cNa\u0161 dr\u017eavni vrh, na \u010delu sa predsjednikom Srbije, beskompromisno i neodstupno se bori za o\u010duvanje na\u0161e iskonske ju\u017ene pokrajine u sastavu Srbije, za spas na\u0161ih najve\u0107ih svetinja, po\u010dev\u0161i od Pe\u0107ke Patrijar\u0161ije, Visokih De\u010dana, Gra\u010danice i Bogorodice Ljevi\u0161ke, i za opstanak i ostanak srpskog naroda na njegovim vjekovnim ognji\u0161tima. U toj \u010dasnoj i svetoj borbi dr\u017eava Srbija u\u017eiva nepodjeljenu molitvenu, moralnu i otad\u017ebinsku podr\u0161ku Srpske pravoslavne crkve. Svi zajedno, saborno, jednodu\u0161no, bez \u201epete\u201d ili \u201e\u0161este\u201d kolone me\u0111u nama, pozvani smo i prizvani da na delu budemo pravoslavni hri\u0161\u0107ani i srpski rodoljubi, zavjetni narod Svetoga Save i Svetoga kneza Lazara, prijatelji Bo\u017eji i prijatelji na\u0161ih bli\u017enjih, ni\u010diji neprijatelji, a to zna\u010di \u2013 ni neprijatelji sveoje Crkve, svoga naroda, svoga bi\u0107a, svog istorijskog i metaistorijskog nazna\u010denja\u201d, navodi se u saop\u0161tenju Sinoda.<\/p>\n<p>&nbsp;<\/p>\n<blockquote class=\"wp-embedded-content\" data-secret=\"bNs8BiZoEf\"><p><a href=\"https:\/\/www.pcnen.com\/portal\/2022\/08\/27\/vucic-bice-otkazan-europrajd-u-beogradu\/\">Vu\u010di\u0107: Bi\u0107e otkazan Europrajd u Beogradu<\/a><\/p><\/blockquote>\n<p><iframe loading=\"lazy\" class=\"wp-embedded-content\" sandbox=\"allow-scripts\" security=\"restricted\" style=\"position: absolute; clip: rect(1px, 1px, 1px, 1px);\" title=\"&#8220;Vu\u010di\u0107: Bi\u0107e otkazan Europrajd u Beogradu&#8221; &#8212; PCNEN\" src=\"https:\/\/www.pcnen.com\/portal\/2022\/08\/27\/vucic-bice-otkazan-europrajd-u-beogradu\/embed\/#?secret=KarXEx7QfD#?secret=bNs8BiZoEf\" data-secret=\"bNs8BiZoEf\" width=\"600\" height=\"338\" frameborder=\"0\" marginwidth=\"0\" marginheight=\"0\" scrolling=\"no\"><\/iframe><\/p>\n<blockquote class=\"wp-embedded-content\" data-secret=\"lNTyxgcOjK\"><p><a href=\"https:\/\/www.pcnen.com\/portal\/2022\/08\/12\/episkop-nikanor-pozvao-na-upotrebu-oruzja-na-prajdu-prokleo-brnabic-video\/\">Episkop Nikanor pozvao na upotrebu oru\u017eja na Prajdu, prokleo Brnabi\u0107 (video)<\/a><\/p><\/blockquote>\n<p><iframe loading=\"lazy\" class=\"wp-embedded-content\" sandbox=\"allow-scripts\" security=\"restricted\" style=\"position: absolute; clip: rect(1px, 1px, 1px, 1px);\" title=\"&#8220;Episkop Nikanor pozvao na upotrebu oru\u017eja na Prajdu, prokleo Brnabi\u0107 (video)&#8221; &#8212; PCNEN\" src=\"https:\/\/www.pcnen.com\/portal\/2022\/08\/12\/episkop-nikanor-pozvao-na-upotrebu-oruzja-na-prajdu-prokleo-brnabic-video\/embed\/#?secret=j4B1x2fRYW#?secret=lNTyxgcOjK\" data-secret=\"lNTyxgcOjK\" width=\"600\" height=\"338\" frameborder=\"0\" marginwidth=\"0\" marginheight=\"0\" scrolling=\"no\"><\/iframe><\/p>\n","protected":false},"excerpt":{"rendered":"<p>Sinod Srpske Pravoslavne Crkve pozdravlja odluku najvi\u0161ih dr\u017eavnih organa kojom je otkazano odr\u017eavanje odr\u017ee u Beogradu tokom septembra, i na toj odgovornoj odluci iskreno \u010destita predsjedniku Srbije Aleksandru Vu\u010di\u0107u, i Vladi Srbije.<\/p>\n","protected":false},"author":1,"featured_media":348850,"comment_status":"open","ping_status":"closed","sticky":false,"template":"","format":"standard","meta":{"_seopress_robots_primary_cat":"","_seopress_titles_title":"","_seopress_titles_desc":"","_seopress_robots_index":"","_et_pb_use_builder":"","_et_pb_old_content":"","_et_gb_content_width":"","inline_featured_image":false,"footnotes":""},"categories":[14],"tags":[],"class_list":["post-353820","post","type-post","status-publish","format-standard","has-post-thumbnail","hentry","category-vijesti"],"_links":{"self":[{"href":"https:\/\/www.pcnen.com\/portal\/wp-json\/wp\/v2\/posts\/353820","targetHints":{"allow":["GET"]}}],"collection":[{"href":"https:\/\/www.pcnen.com\/portal\/wp-json\/wp\/v2\/posts"}],"about":[{"href":"https:\/\/www.pcnen.com\/portal\/wp-json\/wp\/v2\/types\/post"}],"author":[{"embeddable":true,"href":"https:\/\/www.pcnen.com\/portal\/wp-json\/wp\/v2\/users\/1"}],"replies":[{"embeddable":true,"href":"https:\/\/www.pcnen.com\/portal\/wp-json\/wp\/v2\/comments?post=353820"}],"version-history":[{"count":4,"href":"https:\/\/www.pcnen.com\/portal\/wp-json\/wp\/v2\/posts\/353820\/revisions"}],"predecessor-version":[{"id":353842,"href":"https:\/\/www.pcnen.com\/portal\/wp-json\/wp\/v2\/posts\/353820\/revisions\/353842"}],"wp:featuredmedia":[{"embeddable":true,"href":"https:\/\/www.pcnen.com\/portal\/wp-json\/wp\/v2\/media\/348850"}],"wp:attachment":[{"href":"https:\/\/www.pcnen.com\/portal\/wp-json\/wp\/v2\/media?parent=353820"}],"wp:term":[{"taxonomy":"category","embeddable":true,"href":"https:\/\/www.pcnen.com\/portal\/wp-json\/wp\/v2\/categories?post=353820"},{"taxonomy":"post_tag","embeddable":true,"href":"https:\/\/www.pcnen.com\/portal\/wp-json\/wp\/v2\/tags?post=353820"}],"curies":[{"name":"wp","href":"https:\/\/api.w.org\/{rel}","templated":true}]}}