{"id":353809,"date":"2022-08-27T13:23:58","date_gmt":"2022-08-27T11:23:58","guid":{"rendered":"https:\/\/www.pcnen.com\/portal\/?p=353809"},"modified":"2022-08-27T13:24:21","modified_gmt":"2022-08-27T11:24:21","slug":"evropska-asocijacija-organizatora-prajdova-europrajd-u-srbiji-nece-biti-otkazan","status":"publish","type":"post","link":"https:\/\/www.pcnen.com\/portal\/2022\/08\/27\/evropska-asocijacija-organizatora-prajdova-europrajd-u-srbiji-nece-biti-otkazan\/","title":{"rendered":"Evropska asocijacija organizatora prajdova: Europrajd u Srbiji ne\u0107e biti otkazan"},"content":{"rendered":"<p>U saop\u0161tenju te asocijacije se poru\u010duje i da bi svaka zabrana bila protivzakonita.<\/p>\n<p>Odgovaraju\u0107i na pozive da se Europrajd 2022. koji organizuje Belgrade Prajd u Srbiji otka\u017ee, predsjednica Evropske asocijacije organizatora ponosa Kristine Garina (Kristine Garina) rekla je da ni doma\u0107ini Europrajda 2022, Beograd Prajd, ni asocijacija kao davalac licence ne\u0107e otkazati Europrajd u Beogradu.<\/p>\n<p>Ona je podsjetila da je pravo na odr\u017eavanje Prajda garantovano od strane Evropskog suda za ljudska prava kao osnovno ljudsko pravo, te da svaki poku\u0161aj zabrane Prajda predstavlja kr\u0161enje \u010dlanova 11, 13 i 14 Evropske konvencije o ljudskim pravima, koju je Srbija ratifikovala kao \u010dlanica Savjeta Evrope.<\/p>\n<p>&#8220;Pored nezakonitosti takve zabrane, mora se primijetiti da oni koji se protive Europrajdu u Beogradu koriste stare zamorne fraze, neta\u010dnosti i \u010diste la\u017ei da diskredituju ono \u0161to je, u stvari, slavljenje ljudskih prava i jednakosti&#8221;, navela je ona, prenosi RSE.<\/p>\n<p>Ona je poru\u010dila da Europrajd u Beogradu ne\u0107e biti otkazan i da \u0107e okupiti hiljade LGBTI+ osoba iz cijele Evrope sa LGBTI+ osobama iz Srbije i \u0161ireg zapadnog Balkana.<\/p>\n<p>&#8220;To \u0107e doneti mnogo miliona dinara u lokalnu privredu i<\/p>\n<p>U Beogradu je, prema najavama organizatora, od 12. do 18. septembra trebalo da se odr\u017ei Europrajd (Euro Pride). U pitanju je me\u0111unarodni doga\u0111aj koji uklju\u010duje Paradu ponosa, \u010diji doma\u0107in svake godine bude drugi evropski grad.<\/p>\n<p>Desni\u010darske politi\u010dke stranke, neki predstavnici Srpske pravoslavne crkve i esktremno desne grupacije tra\u017eile su od vlasti u Srbiji da zabrane doga\u0111aj.<\/p>\n<p>Prema izvje\u0161taju me\u0111unarodne organizacije koja prati stanje ljudskih prava u svetu Human Rights Watch (HRW) pripadnici LGBT+ zajednice u Srbiji i dalje su izlo\u017eeni napadima i prijetnjama koji ostaju neka\u017enjeni.<\/p>\n<blockquote class=\"wp-embedded-content\" data-secret=\"yEdbkwVA2e\"><p><a href=\"https:\/\/www.pcnen.com\/portal\/2022\/08\/27\/vucic-bice-otkazan-europrajd-u-beogradu\/\">Vu\u010di\u0107: Bi\u0107e otkazan Europrajd u Beogradu<\/a><\/p><\/blockquote>\n<p><iframe loading=\"lazy\" class=\"wp-embedded-content\" sandbox=\"allow-scripts\" security=\"restricted\" style=\"position: absolute; clip: rect(1px, 1px, 1px, 1px);\" title=\"&#8220;Vu\u010di\u0107: Bi\u0107e otkazan Europrajd u Beogradu&#8221; &#8212; PCNEN\" src=\"https:\/\/www.pcnen.com\/portal\/2022\/08\/27\/vucic-bice-otkazan-europrajd-u-beogradu\/embed\/#?secret=wddy3SKqJ1#?secret=yEdbkwVA2e\" data-secret=\"yEdbkwVA2e\" width=\"600\" height=\"338\" frameborder=\"0\" marginwidth=\"0\" marginheight=\"0\" scrolling=\"no\"><\/iframe><\/p>\n","protected":false},"excerpt":{"rendered":"<p>Evropska asocijacija organizatora prajdova, krovna organizacija za sve organizatore parada ponosa u Evropi, poru\u010dila je da Europrajd u Srbiji ne\u0107e biti otkazan.<\/p>\n","protected":false},"author":1,"featured_media":293438,"comment_status":"open","ping_status":"closed","sticky":false,"template":"","format":"standard","meta":{"_seopress_robots_primary_cat":"","_seopress_titles_title":"","_seopress_titles_desc":"","_seopress_robots_index":"","_et_pb_use_builder":"","_et_pb_old_content":"","_et_gb_content_width":"","inline_featured_image":false,"footnotes":""},"categories":[14],"tags":[],"class_list":["post-353809","post","type-post","status-publish","format-standard","has-post-thumbnail","hentry","category-vijesti"],"_links":{"self":[{"href":"https:\/\/www.pcnen.com\/portal\/wp-json\/wp\/v2\/posts\/353809","targetHints":{"allow":["GET"]}}],"collection":[{"href":"https:\/\/www.pcnen.com\/portal\/wp-json\/wp\/v2\/posts"}],"about":[{"href":"https:\/\/www.pcnen.com\/portal\/wp-json\/wp\/v2\/types\/post"}],"author":[{"embeddable":true,"href":"https:\/\/www.pcnen.com\/portal\/wp-json\/wp\/v2\/users\/1"}],"replies":[{"embeddable":true,"href":"https:\/\/www.pcnen.com\/portal\/wp-json\/wp\/v2\/comments?post=353809"}],"version-history":[{"count":3,"href":"https:\/\/www.pcnen.com\/portal\/wp-json\/wp\/v2\/posts\/353809\/revisions"}],"predecessor-version":[{"id":353812,"href":"https:\/\/www.pcnen.com\/portal\/wp-json\/wp\/v2\/posts\/353809\/revisions\/353812"}],"wp:featuredmedia":[{"embeddable":true,"href":"https:\/\/www.pcnen.com\/portal\/wp-json\/wp\/v2\/media\/293438"}],"wp:attachment":[{"href":"https:\/\/www.pcnen.com\/portal\/wp-json\/wp\/v2\/media?parent=353809"}],"wp:term":[{"taxonomy":"category","embeddable":true,"href":"https:\/\/www.pcnen.com\/portal\/wp-json\/wp\/v2\/categories?post=353809"},{"taxonomy":"post_tag","embeddable":true,"href":"https:\/\/www.pcnen.com\/portal\/wp-json\/wp\/v2\/tags?post=353809"}],"curies":[{"name":"wp","href":"https:\/\/api.w.org\/{rel}","templated":true}]}}