{"id":353805,"date":"2022-08-27T12:13:24","date_gmt":"2022-08-27T10:13:24","guid":{"rendered":"https:\/\/www.pcnen.com\/portal\/?p=353805"},"modified":"2022-08-27T12:13:24","modified_gmt":"2022-08-27T10:13:24","slug":"kurti-trazi-dodatne-nato-trupe-na-kosovu","status":"publish","type":"post","link":"https:\/\/www.pcnen.com\/portal\/2022\/08\/27\/kurti-trazi-dodatne-nato-trupe-na-kosovu\/","title":{"rendered":"Kurti tra\u017ei dodatne NATO trupe na Kosovu"},"content":{"rendered":"<p>Ovo je izjavio za njema\u010dki televizijski kanal Welt usled rastu\u0107ih tenzija izme\u0111u dvije zemlje, a koje su uzrokovane namjerom Kosova da zabrani upotrebu srbijanskih registarskih oznaka i identifikacionih dokumenata.<\/p>\n<p>Kurti je ocijenio da bi dodatne trupe na Kosovu definitivno pobolj\u0161ale sigurnost, prenosi portal klix.ba.<\/p>\n<p>&#8220;KFOR-ove trupe nam mogu pomo\u0107i da unaprijedimo sigurnosne strukture i kapacitete&#8221;, kazao je Kurti.<\/p>\n<p>Kosovo namjerava da zabrani upotrebu srbijanskih registarskih oznaka i li\u010dnih dokumenata, \u0161to je za Srbiju neprihvatljivo.<\/p>\n<p>Nastavljeni su pregovori izme\u0111u Pri\u0161tine i Beograda, kojima posreduju Evropska unija i SAD, kako bi se odnosi ove dvije dr\u017eave normalizovali. U tom poku\u0161aju ove sedmice Beograd su posjetili specijalni predstavnik EU Miroslav Laj\u010dak i ameri\u010dki diplomata Gabriel Eskobar.<\/p>\n","protected":false},"excerpt":{"rendered":"<p>Premijer Kosova Aljbin Kurti pozvao je NATO da osna\u017ei prisustvo u njegovoj dr\u017eavi, jer smatra da za nju postoji prijetnja od Srbije i Rusije.<\/p>\n","protected":false},"author":1,"featured_media":332317,"comment_status":"open","ping_status":"closed","sticky":false,"template":"","format":"standard","meta":{"_seopress_robots_primary_cat":"","_seopress_titles_title":"","_seopress_titles_desc":"","_seopress_robots_index":"","_et_pb_use_builder":"","_et_pb_old_content":"","_et_gb_content_width":"","inline_featured_image":false,"footnotes":""},"categories":[14],"tags":[],"class_list":["post-353805","post","type-post","status-publish","format-standard","has-post-thumbnail","hentry","category-vijesti"],"_links":{"self":[{"href":"https:\/\/www.pcnen.com\/portal\/wp-json\/wp\/v2\/posts\/353805","targetHints":{"allow":["GET"]}}],"collection":[{"href":"https:\/\/www.pcnen.com\/portal\/wp-json\/wp\/v2\/posts"}],"about":[{"href":"https:\/\/www.pcnen.com\/portal\/wp-json\/wp\/v2\/types\/post"}],"author":[{"embeddable":true,"href":"https:\/\/www.pcnen.com\/portal\/wp-json\/wp\/v2\/users\/1"}],"replies":[{"embeddable":true,"href":"https:\/\/www.pcnen.com\/portal\/wp-json\/wp\/v2\/comments?post=353805"}],"version-history":[{"count":1,"href":"https:\/\/www.pcnen.com\/portal\/wp-json\/wp\/v2\/posts\/353805\/revisions"}],"predecessor-version":[{"id":353806,"href":"https:\/\/www.pcnen.com\/portal\/wp-json\/wp\/v2\/posts\/353805\/revisions\/353806"}],"wp:featuredmedia":[{"embeddable":true,"href":"https:\/\/www.pcnen.com\/portal\/wp-json\/wp\/v2\/media\/332317"}],"wp:attachment":[{"href":"https:\/\/www.pcnen.com\/portal\/wp-json\/wp\/v2\/media?parent=353805"}],"wp:term":[{"taxonomy":"category","embeddable":true,"href":"https:\/\/www.pcnen.com\/portal\/wp-json\/wp\/v2\/categories?post=353805"},{"taxonomy":"post_tag","embeddable":true,"href":"https:\/\/www.pcnen.com\/portal\/wp-json\/wp\/v2\/tags?post=353805"}],"curies":[{"name":"wp","href":"https:\/\/api.w.org\/{rel}","templated":true}]}}