{"id":353800,"date":"2022-08-27T11:34:27","date_gmt":"2022-08-27T09:34:27","guid":{"rendered":"https:\/\/www.pcnen.com\/portal\/?p=353800"},"modified":"2022-08-27T11:36:36","modified_gmt":"2022-08-27T09:36:36","slug":"vucic-bice-otkazan-europrajd-u-beogradu","status":"publish","type":"post","link":"https:\/\/www.pcnen.com\/portal\/2022\/08\/27\/vucic-bice-otkazan-europrajd-u-beogradu\/","title":{"rendered":"Vu\u010di\u0107: Bi\u0107e otkazan Europrajd u Beogradu"},"content":{"rendered":"<p>\u201cBi\u0107e odlo\u017eena ili otkazana, kako ho\u0107ete, Parada ponosa koja je bila zakazana za septembar mjesec. Ili kako god da se to \u010dudo zove, nije ni va\u017eno\u201d, \u00a0rekao je Vu\u010di\u0107 i dodao da \u0107e premijerka i \u010dlanovi Vlade \u201eobrazlo\u017eiti sve to u skladu sa zakonom\u201c.<\/p>\n<p>Dodao je da se Europrajd ne mo\u017ee odr\u017eati u politi\u010dkoj situaciji kakva je trenutno u Srbiji.<\/p>\n<p>\u201cTo ne govorim zato \u0161to sam mnogo sre\u0107an, ve\u0107 ne mo\u017eemo u ovom trenutku, kada imamo i Otvoreni Balkan i krizu na Kosovu, nemamo nikakav pomak, pravo da vam ka\u017eem, nemamo kud da se pomjerimo\u201d, izjavio je Vu\u010di\u0107.<\/p>\n","protected":false},"excerpt":{"rendered":"<p>Predsjednik Srbije Aleksandar Vu\u010di\u0107 saop\u0161tio je danas da je otkazan Europrajd.<\/p>\n","protected":false},"author":1,"featured_media":353801,"comment_status":"open","ping_status":"closed","sticky":false,"template":"","format":"standard","meta":{"_seopress_robots_primary_cat":"","_seopress_titles_title":"","_seopress_titles_desc":"","_seopress_robots_index":"","_et_pb_use_builder":"","_et_pb_old_content":"","_et_gb_content_width":"","inline_featured_image":false,"footnotes":""},"categories":[14],"tags":[],"class_list":["post-353800","post","type-post","status-publish","format-standard","has-post-thumbnail","hentry","category-vijesti"],"_links":{"self":[{"href":"https:\/\/www.pcnen.com\/portal\/wp-json\/wp\/v2\/posts\/353800","targetHints":{"allow":["GET"]}}],"collection":[{"href":"https:\/\/www.pcnen.com\/portal\/wp-json\/wp\/v2\/posts"}],"about":[{"href":"https:\/\/www.pcnen.com\/portal\/wp-json\/wp\/v2\/types\/post"}],"author":[{"embeddable":true,"href":"https:\/\/www.pcnen.com\/portal\/wp-json\/wp\/v2\/users\/1"}],"replies":[{"embeddable":true,"href":"https:\/\/www.pcnen.com\/portal\/wp-json\/wp\/v2\/comments?post=353800"}],"version-history":[{"count":1,"href":"https:\/\/www.pcnen.com\/portal\/wp-json\/wp\/v2\/posts\/353800\/revisions"}],"predecessor-version":[{"id":353802,"href":"https:\/\/www.pcnen.com\/portal\/wp-json\/wp\/v2\/posts\/353800\/revisions\/353802"}],"wp:featuredmedia":[{"embeddable":true,"href":"https:\/\/www.pcnen.com\/portal\/wp-json\/wp\/v2\/media\/353801"}],"wp:attachment":[{"href":"https:\/\/www.pcnen.com\/portal\/wp-json\/wp\/v2\/media?parent=353800"}],"wp:term":[{"taxonomy":"category","embeddable":true,"href":"https:\/\/www.pcnen.com\/portal\/wp-json\/wp\/v2\/categories?post=353800"},{"taxonomy":"post_tag","embeddable":true,"href":"https:\/\/www.pcnen.com\/portal\/wp-json\/wp\/v2\/tags?post=353800"}],"curies":[{"name":"wp","href":"https:\/\/api.w.org\/{rel}","templated":true}]}}