{"id":353796,"date":"2022-08-27T10:41:34","date_gmt":"2022-08-27T08:41:34","guid":{"rendered":"https:\/\/www.pcnen.com\/portal\/?p=353796"},"modified":"2022-08-27T10:41:34","modified_gmt":"2022-08-27T08:41:34","slug":"ana-brnabic-mandatarka-za-sastav-nove-vlade-srbije","status":"publish","type":"post","link":"https:\/\/www.pcnen.com\/portal\/2022\/08\/27\/ana-brnabic-mandatarka-za-sastav-nove-vlade-srbije\/","title":{"rendered":"Ana Brnabi\u0107 mandatarka za sastav nove vlade Srbije"},"content":{"rendered":"<p>Prema njegovim rije\u010dima, odluka o mandataru je bila komplikovana, slo\u017eena i unutar najve\u0107e stranke u zemlji i sa koalicionim partnerima.<\/p>\n<p>Brnabi\u0107 ne\u0107e biti \u010detiri godine predsjednica vlade, mandat \u0107e joj trajati kra\u0107e, kazao je Vu\u010di\u0107 i dodao da \u0107e do\u0107i do promjena u vladi 2024. godine. \u201eAli je va\u017eno da ostane predsjednica vlade da bismo mogli da nastavimo da rje\u0161avamo probleme\u201c, naglasio je.<\/p>\n<p>\u201ePonosan sam \u0161to imam takvog saradnika i \u0161to sam mogao, da ka\u017eem da na funkciju, mo\u017ede ne s tolikim legitimitetom, ali na mogu\u0107e najva\u017eniju funkciju u zemlji predlo\u017eim \u017eenu, sposobnu, obrazovanu, marljivu i prije svega lojalnu Srbiji\u201c, rekao je Vu\u010di\u0107, a prenose srbijanski mediji.<\/p>\n<p>Dodao je da je ona u stanju da 13 sati razgovara s poljoprivrednicima i preuzima na sebe najte\u017ee stvari, od kojih drugi bje\u017ee, te da u nju ima izuzetno povjerenje.<\/p>\n<p>Vu\u010di\u0107 je rekao i da \u0107e Milo\u0161 Vu\u010devi\u0107 biti \u201eveoma zna\u010dajan \u010dinilac nove Vlade\u201c, kako je rekao, \u201esvakako potpredsjednik\u201c.<\/p>\n<p>\u201eDa\u010di\u0107 \u0107e imati jo\u0161 zna\u010dajniju ulogu i funkciju u dr\u017eavnom aparatu Srbije. To pokazuje povjerenje koje imam. Da\u010di\u0107, sem va\u017enog ministarskog mjesta, ima\u0107e funkciju koordinatora slu\u017ebi bezbjednosti. (Sini\u0161a) Mali, u kojeg imamo povjerenje bi\u0107e jedan od potpredsjednika\u201c, naglasio je Vu\u010di\u0107.<\/p>\n<p>\u201eOvo je na\u0161 dogovor, nema trzavica, sva\u0111a problema. Postali smo i prijatelji, dobro znamo \u0161ta radimo\u201c, naveo je Vu\u010di\u0107.<\/p>\n","protected":false},"excerpt":{"rendered":"<p>Mandatar za sastav nove Vlade Srbije bi\u0107e Ana Brnabi\u0107, saop\u0161tio je na konferenciji za novinare predsjednik Srbije Aleksandar Vu\u010di\u0107.<\/p>\n","protected":false},"author":1,"featured_media":346790,"comment_status":"open","ping_status":"closed","sticky":false,"template":"","format":"standard","meta":{"_seopress_robots_primary_cat":"","_seopress_titles_title":"","_seopress_titles_desc":"","_seopress_robots_index":"","_et_pb_use_builder":"","_et_pb_old_content":"","_et_gb_content_width":"","inline_featured_image":false,"footnotes":""},"categories":[14],"tags":[],"class_list":["post-353796","post","type-post","status-publish","format-standard","has-post-thumbnail","hentry","category-vijesti"],"_links":{"self":[{"href":"https:\/\/www.pcnen.com\/portal\/wp-json\/wp\/v2\/posts\/353796","targetHints":{"allow":["GET"]}}],"collection":[{"href":"https:\/\/www.pcnen.com\/portal\/wp-json\/wp\/v2\/posts"}],"about":[{"href":"https:\/\/www.pcnen.com\/portal\/wp-json\/wp\/v2\/types\/post"}],"author":[{"embeddable":true,"href":"https:\/\/www.pcnen.com\/portal\/wp-json\/wp\/v2\/users\/1"}],"replies":[{"embeddable":true,"href":"https:\/\/www.pcnen.com\/portal\/wp-json\/wp\/v2\/comments?post=353796"}],"version-history":[{"count":1,"href":"https:\/\/www.pcnen.com\/portal\/wp-json\/wp\/v2\/posts\/353796\/revisions"}],"predecessor-version":[{"id":353797,"href":"https:\/\/www.pcnen.com\/portal\/wp-json\/wp\/v2\/posts\/353796\/revisions\/353797"}],"wp:featuredmedia":[{"embeddable":true,"href":"https:\/\/www.pcnen.com\/portal\/wp-json\/wp\/v2\/media\/346790"}],"wp:attachment":[{"href":"https:\/\/www.pcnen.com\/portal\/wp-json\/wp\/v2\/media?parent=353796"}],"wp:term":[{"taxonomy":"category","embeddable":true,"href":"https:\/\/www.pcnen.com\/portal\/wp-json\/wp\/v2\/categories?post=353796"},{"taxonomy":"post_tag","embeddable":true,"href":"https:\/\/www.pcnen.com\/portal\/wp-json\/wp\/v2\/tags?post=353796"}],"curies":[{"name":"wp","href":"https:\/\/api.w.org\/{rel}","templated":true}]}}