{"id":353792,"date":"2022-08-27T09:40:19","date_gmt":"2022-08-27T07:40:19","guid":{"rendered":"https:\/\/www.pcnen.com\/portal\/?p=353792"},"modified":"2022-08-27T09:40:19","modified_gmt":"2022-08-27T07:40:19","slug":"novi-mandatar-do-19-septembra-ili-izbori","status":"publish","type":"post","link":"https:\/\/www.pcnen.com\/portal\/2022\/08\/27\/novi-mandatar-do-19-septembra-ili-izbori\/","title":{"rendered":"Novi mandatar do 19. septembra ili izbori"},"content":{"rendered":"<p>To su Vijestima saop\u0161tili iz njegovog kabineta, odgovaraju\u0107i na pitanja da li \u0107e predsjednik dr\u017eave narednih dana pozvati lidere parlamentarnih partija na konsultacije o formiranju nove vlade i nekome ponuditi mandat.<\/p>\n<p>\u201dPredsjednik Crne Gore \u0107e pravovremeno, najkasnije u roku od 30 dana od dana izglasavanja nepovjerenja 43. Vladi Crne Gore, saglasno Ustavom definisanim nadle\u017enostima, u ve\u0107 poznatoj i utvr\u0111enoj proceduri, poku\u0161ati da predlo\u017ei Skup\u0161tini Crne Gore mandatara za sastav Vlade. Rije\u010dju, uva\u017eavaju\u0107i vrijeme neophodno za ostvarivanje politi\u010dkog dogovora, novi mandatar bi\u0107e onaj ko obezbijedi neupitnu podr\u0161ku iskazanu od strane najmanje 41 poslanika, u poku\u0161aju da sastavi novu Vladu\u201d, navodi se u odgovoru iz kabineta \u0110ukanovi\u0107a.<\/p>\n<p>Vlada Dritana Abazovi\u0107a sru\u0161ena je u no\u0107i izme\u0111u 19. i 20. septembra, a za formiranje nove za sada u parlamentu ne postoji potrebna ve\u0107ina. Demokrate ponavljaju da ne\u0107e s Demokratskom partijom socijalista (DPS), Demokratski front (DF) tako\u0111e, dok GP URA i Socijalisti\u010dka narodna partija (SNP) ne\u0107e s Demokratama. DPS s biv\u0161im dugogodi\u0161njim koalicionim partnerima tako\u0111e nema 41 glas za izbor vlade.<\/p>\n<p>U slu\u010daju odsustva parlamentarne ve\u0107ine za izbor nove izvr\u0161ne vlasti, \u0110ukanovi\u0107u ostaje obaveza po Ustavui Crne Gore da raspi\u0161e prijevremene parlamentarne izbore.<\/p>\n<p>Prema nezvani\u010dnim informacijama Vijesti, \u0110ukanovi\u0107 \u0107e uskoro pozvati lidere parlamentarnih partija na razgovor i predlo\u017eiti im da, ako ne mogu da se dogovore oko mandatara, raspi\u0161e vanredne parlamentarne izbore.<\/p>\n","protected":false},"excerpt":{"rendered":"<p>Predsjednik Crne Gore Milo \u0110ukanovi\u0107 \u0107e najkasnije do 19. septembra poku\u0161ati da predlo\u017ei Skup\u0161tini mandatara za sastav nove izvr\u0161ne vlasti.<\/p>\n","protected":false},"author":1,"featured_media":312157,"comment_status":"open","ping_status":"closed","sticky":false,"template":"","format":"standard","meta":{"_seopress_robots_primary_cat":"","_seopress_titles_title":"","_seopress_titles_desc":"","_seopress_robots_index":"","_et_pb_use_builder":"","_et_pb_old_content":"","_et_gb_content_width":"","inline_featured_image":false,"footnotes":""},"categories":[14],"tags":[],"class_list":["post-353792","post","type-post","status-publish","format-standard","has-post-thumbnail","hentry","category-vijesti"],"_links":{"self":[{"href":"https:\/\/www.pcnen.com\/portal\/wp-json\/wp\/v2\/posts\/353792","targetHints":{"allow":["GET"]}}],"collection":[{"href":"https:\/\/www.pcnen.com\/portal\/wp-json\/wp\/v2\/posts"}],"about":[{"href":"https:\/\/www.pcnen.com\/portal\/wp-json\/wp\/v2\/types\/post"}],"author":[{"embeddable":true,"href":"https:\/\/www.pcnen.com\/portal\/wp-json\/wp\/v2\/users\/1"}],"replies":[{"embeddable":true,"href":"https:\/\/www.pcnen.com\/portal\/wp-json\/wp\/v2\/comments?post=353792"}],"version-history":[{"count":1,"href":"https:\/\/www.pcnen.com\/portal\/wp-json\/wp\/v2\/posts\/353792\/revisions"}],"predecessor-version":[{"id":353793,"href":"https:\/\/www.pcnen.com\/portal\/wp-json\/wp\/v2\/posts\/353792\/revisions\/353793"}],"wp:featuredmedia":[{"embeddable":true,"href":"https:\/\/www.pcnen.com\/portal\/wp-json\/wp\/v2\/media\/312157"}],"wp:attachment":[{"href":"https:\/\/www.pcnen.com\/portal\/wp-json\/wp\/v2\/media?parent=353792"}],"wp:term":[{"taxonomy":"category","embeddable":true,"href":"https:\/\/www.pcnen.com\/portal\/wp-json\/wp\/v2\/categories?post=353792"},{"taxonomy":"post_tag","embeddable":true,"href":"https:\/\/www.pcnen.com\/portal\/wp-json\/wp\/v2\/tags?post=353792"}],"curies":[{"name":"wp","href":"https:\/\/api.w.org\/{rel}","templated":true}]}}