{"id":353787,"date":"2022-08-27T09:09:45","date_gmt":"2022-08-27T07:09:45","guid":{"rendered":"https:\/\/www.pcnen.com\/portal\/?p=353787"},"modified":"2022-08-27T16:45:37","modified_gmt":"2022-08-27T14:45:37","slug":"patrijarh-u-trodnevnoj-posjeti-herceg-novom","status":"publish","type":"post","link":"https:\/\/www.pcnen.com\/portal\/2022\/08\/27\/patrijarh-u-trodnevnoj-posjeti-herceg-novom\/","title":{"rendered":"Patrijarh u trodnevnoj posjeti Herceg Novom"},"content":{"rendered":"<p>Sve\u010danosti povodom velikog jubileja Herceg Novog, grada \u010diji je osniva\u010d srpski kralj Stefan Tvrtko Prvi Kotromani\u0107, po\u010de\u0107e u 18.00 \u010dasova sve\u010danom doksologijom u \u010dast patrijarha Porfirija u manastiru Savini, saop\u0161teno je iz Srpske pravoslavne crkve.<\/p>\n<p><img loading=\"lazy\" decoding=\"async\" class=\"aligncenter size-full wp-image-353834\" src=\"https:\/\/www.pcnen.com\/portal\/wp-content\/uploads\/2022\/08\/dobrodoslica-Porfiriju.jpg\" alt=\"\" width=\"640\" height=\"443\" srcset=\"https:\/\/www.pcnen.com\/portal\/wp-content\/uploads\/2022\/08\/dobrodoslica-Porfiriju.jpg 640w, https:\/\/www.pcnen.com\/portal\/wp-content\/uploads\/2022\/08\/dobrodoslica-Porfiriju-300x208.jpg 300w, https:\/\/www.pcnen.com\/portal\/wp-content\/uploads\/2022\/08\/dobrodoslica-Porfiriju-580x401.jpg 580w\" sizes=\"(max-width: 640px) 100vw, 640px\" \/><\/p>\n<p>&nbsp;<\/p>\n<p>Posjeta patrijarha Porfirija bi\u0107e propra\u0107ena nizom kulturno-umjetni\u010dkih manifestacija, pa \u0107e tako, sjutra u porti crkve Svetog Spasa na Toploj biti predstavljena izabrana djela bla\u017eenopo\u010div\u0161eg mitropolita crnogorsko-primorskog Amfilohija.<\/p>\n<p>U ponedjeljak, 29. avgusta, na drevnoj Kanli kuli \u0107e biti odr\u017eana sve\u010dana akademija povodom 640 godina od osnivanja grada Herceg Novog.<\/p>\n<blockquote class=\"wp-embedded-content\" data-secret=\"vw5Dk9MKUp\"><p><a href=\"https:\/\/www.pcnen.com\/portal\/2022\/08\/14\/porfirije-ipak-danas-stigao-u-cg\/\">Porfirije ipak danas stigao u CG<\/a><\/p><\/blockquote>\n<p><iframe loading=\"lazy\" class=\"wp-embedded-content\" sandbox=\"allow-scripts\" security=\"restricted\" style=\"position: absolute; clip: rect(1px, 1px, 1px, 1px);\" title=\"&#8220;Porfirije ipak danas stigao u CG&#8221; &#8212; PCNEN\" src=\"https:\/\/www.pcnen.com\/portal\/2022\/08\/14\/porfirije-ipak-danas-stigao-u-cg\/embed\/#?secret=LDSDyc582k#?secret=vw5Dk9MKUp\" data-secret=\"vw5Dk9MKUp\" width=\"600\" height=\"338\" frameborder=\"0\" marginwidth=\"0\" marginheight=\"0\" scrolling=\"no\"><\/iframe><\/p>\n","protected":false},"excerpt":{"rendered":"<p>Patrijarh srpski Porfirije boravi\u0107e od danas do ponedjeljka, 29. avgusta u posjeti Herceg Novom, povodom 640 godina od osnivanja grada i praznika Velike Gospojine slave manastira Savina.<\/p>\n","protected":false},"author":1,"featured_media":344324,"comment_status":"open","ping_status":"closed","sticky":false,"template":"","format":"standard","meta":{"_seopress_robots_primary_cat":"","_seopress_titles_title":"","_seopress_titles_desc":"","_seopress_robots_index":"","_et_pb_use_builder":"","_et_pb_old_content":"","_et_gb_content_width":"","inline_featured_image":false,"footnotes":""},"categories":[14],"tags":[],"class_list":["post-353787","post","type-post","status-publish","format-standard","has-post-thumbnail","hentry","category-vijesti"],"_links":{"self":[{"href":"https:\/\/www.pcnen.com\/portal\/wp-json\/wp\/v2\/posts\/353787","targetHints":{"allow":["GET"]}}],"collection":[{"href":"https:\/\/www.pcnen.com\/portal\/wp-json\/wp\/v2\/posts"}],"about":[{"href":"https:\/\/www.pcnen.com\/portal\/wp-json\/wp\/v2\/types\/post"}],"author":[{"embeddable":true,"href":"https:\/\/www.pcnen.com\/portal\/wp-json\/wp\/v2\/users\/1"}],"replies":[{"embeddable":true,"href":"https:\/\/www.pcnen.com\/portal\/wp-json\/wp\/v2\/comments?post=353787"}],"version-history":[{"count":2,"href":"https:\/\/www.pcnen.com\/portal\/wp-json\/wp\/v2\/posts\/353787\/revisions"}],"predecessor-version":[{"id":353835,"href":"https:\/\/www.pcnen.com\/portal\/wp-json\/wp\/v2\/posts\/353787\/revisions\/353835"}],"wp:featuredmedia":[{"embeddable":true,"href":"https:\/\/www.pcnen.com\/portal\/wp-json\/wp\/v2\/media\/344324"}],"wp:attachment":[{"href":"https:\/\/www.pcnen.com\/portal\/wp-json\/wp\/v2\/media?parent=353787"}],"wp:term":[{"taxonomy":"category","embeddable":true,"href":"https:\/\/www.pcnen.com\/portal\/wp-json\/wp\/v2\/categories?post=353787"},{"taxonomy":"post_tag","embeddable":true,"href":"https:\/\/www.pcnen.com\/portal\/wp-json\/wp\/v2\/tags?post=353787"}],"curies":[{"name":"wp","href":"https:\/\/api.w.org\/{rel}","templated":true}]}}