{"id":353751,"date":"2022-08-26T20:08:42","date_gmt":"2022-08-26T18:08:42","guid":{"rendered":"https:\/\/www.pcnen.com\/portal\/?p=353751"},"modified":"2022-08-26T20:10:07","modified_gmt":"2022-08-26T18:10:07","slug":"konjevic-izgubljen-jedan-dio-podataka","status":"publish","type":"post","link":"https:\/\/www.pcnen.com\/portal\/2022\/08\/26\/konjevic-izgubljen-jedan-dio-podataka\/","title":{"rendered":"Konjevi\u0107: Izgubljen jedan dio podataka"},"content":{"rendered":"<p>Podaci gra\u0111ana nijesu ugro\u017eeni, ali kako ka\u017ee, jedan dio vladinih podataka neminovno \u0107e biti izgubljen.<\/p>\n<p>Rije\u010d je o visoko sofisticiranim napadima koji nijesu dio pojedinca.<\/p>\n<p>&#8220;Iza ovog napada iz dosada\u0161njih iskustava ljudi iz struke stoje odre\u0111eni dr\u017eavni resursi koje neko ima na raspolaganju. Ko bi mogao da ima neku vrstu politi\u010dkog interesa da nanese ovu vrstu \u0161tete Crnoj Gori. Dr\u017eim da postoji dovoljno sumnje da je istina da je Rusija iza napada&#8221;, kazao je Konjevi\u0107 i podsjetio da je Rusija Crnu Goru zbog odluka koje je donosila u prethodnom periodu definisala kao neprijateljsku dr\u017eavu.<\/p>\n<p>&#8220;Sa te strane postoji vrsta politi\u010dke pozadine&#8221;, kazao je Konjevi\u0107, prenosi portal RTCG.<\/p>\n<p>On je kazao da je formiran Operativni tim koji \u0107e pratiti situaciju i izdavati preporuke, naloge i sugestije.<\/p>\n<p>&#8220;Operativni tim \u0107e donijeti odluku da jedan dio korporativnog znanja koje imamo u Crnoj Gori anga\u017eujemo, i da poku\u0161amo da minimiziramo \u0161tetu koje \u0107e neminovno biti. Ovakvi napadi \u0107e se nastavljati i u CG i u drugim zemljama&#8221;, kazao je Konjevi\u0107.<\/p>\n<p>Dodaje da su li\u010dni podaci gra\u0111ana su za\u0161ti\u0107eni.<\/p>\n<p>&#8220;Ali sigurno je da \u0107e jedan dio podataka biti izgubljen.Rad operativnog tima i stru\u010dna pomo\u0107 od partnerskih slu\u017eni \u0107e biti usmjeren na vra\u0107anje dijela podataka&#8221;, kazao je Konjevi\u0107.<\/p>\n<p>Dodaje da je ovo napad najve\u0107eg obima ali nije jedini sa kojim se CG do sada suo\u010davala.<\/p>\n<p>Ka\u017ee da je na sjednici Savjeta za nacionalnu bezbjednost na\u010delno dogovoreno da se djeluje u nekoliko pravaca.<\/p>\n<p>&#8220;Da Crna Gora sara\u0111uje sa partnerima i da aktivira taj vid pomo\u0107i.Pomo\u0107 partnera ogleda se u znanju i u alatima koje imaju&#8221;, kazao je Konjevi\u0107.<\/p>\n<p>&nbsp;<\/p>\n<blockquote class=\"wp-embedded-content\" data-secret=\"MygbQEUYjs\"><p><a href=\"https:\/\/www.pcnen.com\/portal\/2022\/08\/26\/cg-hakeri-traze-milione-za-zarobljene-podatke\/\">CG: Hakeri tra\u017ee milione za zarobljene podatke<\/a><\/p><\/blockquote>\n<p><iframe loading=\"lazy\" class=\"wp-embedded-content\" sandbox=\"allow-scripts\" security=\"restricted\" style=\"position: absolute; clip: rect(1px, 1px, 1px, 1px);\" title=\"&#8220;CG: Hakeri tra\u017ee milione za zarobljene podatke&#8221; &#8212; PCNEN\" src=\"https:\/\/www.pcnen.com\/portal\/2022\/08\/26\/cg-hakeri-traze-milione-za-zarobljene-podatke\/embed\/#?secret=9WFOUuVPVU#?secret=MygbQEUYjs\" data-secret=\"MygbQEUYjs\" width=\"600\" height=\"338\" frameborder=\"0\" marginwidth=\"0\" marginheight=\"0\" scrolling=\"no\"><\/iframe><\/p>\n","protected":false},"excerpt":{"rendered":"<p>Ministar odbrane Ra\u0161ko Konjevi\u0107 govore\u0107i o sajber napadima na informacioni sistem dr\u017eavne uprave kazao je u Dnevniku 2 na TVCG da je rije\u010d o napadu najve\u0107eg obima do sada, i potvrdio tvrdnje ANB-a da iza istog stoji Rusija.<\/p>\n","protected":false},"author":1,"featured_media":0,"comment_status":"open","ping_status":"closed","sticky":false,"template":"","format":"standard","meta":{"_seopress_robots_primary_cat":"","_seopress_titles_title":"","_seopress_titles_desc":"","_seopress_robots_index":"","_et_pb_use_builder":"","_et_pb_old_content":"","_et_gb_content_width":"","inline_featured_image":false,"footnotes":""},"categories":[14],"tags":[],"class_list":["post-353751","post","type-post","status-publish","format-standard","hentry","category-vijesti"],"_links":{"self":[{"href":"https:\/\/www.pcnen.com\/portal\/wp-json\/wp\/v2\/posts\/353751","targetHints":{"allow":["GET"]}}],"collection":[{"href":"https:\/\/www.pcnen.com\/portal\/wp-json\/wp\/v2\/posts"}],"about":[{"href":"https:\/\/www.pcnen.com\/portal\/wp-json\/wp\/v2\/types\/post"}],"author":[{"embeddable":true,"href":"https:\/\/www.pcnen.com\/portal\/wp-json\/wp\/v2\/users\/1"}],"replies":[{"embeddable":true,"href":"https:\/\/www.pcnen.com\/portal\/wp-json\/wp\/v2\/comments?post=353751"}],"version-history":[{"count":4,"href":"https:\/\/www.pcnen.com\/portal\/wp-json\/wp\/v2\/posts\/353751\/revisions"}],"predecessor-version":[{"id":353755,"href":"https:\/\/www.pcnen.com\/portal\/wp-json\/wp\/v2\/posts\/353751\/revisions\/353755"}],"wp:attachment":[{"href":"https:\/\/www.pcnen.com\/portal\/wp-json\/wp\/v2\/media?parent=353751"}],"wp:term":[{"taxonomy":"category","embeddable":true,"href":"https:\/\/www.pcnen.com\/portal\/wp-json\/wp\/v2\/categories?post=353751"},{"taxonomy":"post_tag","embeddable":true,"href":"https:\/\/www.pcnen.com\/portal\/wp-json\/wp\/v2\/tags?post=353751"}],"curies":[{"name":"wp","href":"https:\/\/api.w.org\/{rel}","templated":true}]}}