{"id":353733,"date":"2022-08-26T16:01:30","date_gmt":"2022-08-26T14:01:30","guid":{"rendered":"https:\/\/www.pcnen.com\/portal\/?p=353733"},"modified":"2022-08-26T16:04:05","modified_gmt":"2022-08-26T14:04:05","slug":"danilovic-koliko-ste-oruzja-zaplijenili-na-litijama-na-kojima-je-setalo-stotine-hiljada-ljudi","status":"publish","type":"post","link":"https:\/\/www.pcnen.com\/portal\/2022\/08\/26\/danilovic-koliko-ste-oruzja-zaplijenili-na-litijama-na-kojima-je-setalo-stotine-hiljada-ljudi\/","title":{"rendered":"Danilovi\u0107: Koliko ste oru\u017eja zaplijenili na litijama na kojima je \u0161etalo stotine hiljada ljudi?"},"content":{"rendered":"<p>Brat jednoga brata je poslao poruku jednom bratu od drugoga brata preko Sky aplikacije i raspitivao se?<\/p>\n<p>Ma je li mogu\u0107e?<\/p>\n<p>Vi ste zaista nesre\u0107nici, a neki me\u0111u vama i veliki nesoji.<\/p>\n<p>Pa hocemo li sad i to &#8220;naoru\u017eanje&#8221; da tra\u017eimo u jezeru Gazivode?<\/p>\n<p>Nego, pitam ja vas koliko vas je god; \u0161ta bi sa onim naoru\u017eanjem sa Belvedera?<\/p>\n<p>Ko je du\u017eio pu\u0161komtraljez?<\/p>\n<p>\u010cime su oburdavane stijene na saobra\u0107ajnice?<\/p>\n<p>Koliko je pu\u0161aka i metaka podijeljeno &#8220;ustanicima&#8221;?<\/p>\n<p>\u0160ta bi sa molotovljevim koktelima?<\/p>\n<p>Jeste li opremu uzeli iz Manastira?<\/p>\n<p>Na koga je sve trebalo da se puca?<\/p>\n<p>Je li komandant pobune bio protojerej ili neko iz parapolicijskih struktura obu\u010den da ubija?<\/p>\n<p>Jesu li monasi kidisali na protestante ili je Veljovi\u0107 kidisao na policijski kordon?<\/p>\n<p>Je li \u0160kaljarce i Kav\u010dane firmirala Crkva ili su to plodovi saradnje dr\u017eave i organizovanog kriminala?<\/p>\n<p>Jesu li Ka\u0161\u0107elana, Zvicera i Vukoti\u0107a nabavili crkvenjaci ili ih je odnjihala stara politi\u010dka\u00a0 klika?<\/p>\n<p>Jesu li popovi raznijeli i rasturili Planta\u017ee, Plovidbe\u00a0 i cijelu Crnu Goru ili vi?<\/p>\n<p>Je li Crkva birala Vesnu, Vericu, Petra, Jovani\u0107a i redom?<\/p>\n<p>\u0160vercuje li nam Crkva duvan, drogu, oru\u017eje, bijelo roblje, ili su to radili najodaniji sinovi sistema?<\/p>\n<p>Na kraju; je li Crkva 2020.\u00a0 prijetila DPS-u, Draginji, Ranku i Damiru trakorijadom ili ste i Crkvi i narodu prijetili vi?<\/p>\n<p>Koliko ste oru\u017eja zaplijenili na litijama na kojima je \u0161etalo stotine hiljada ljudi?<\/p>\n<p>Koliko je ljudi privedeno zbog \u0161enluka?<\/p>\n<p>Koliko je zapaljenih guma i oburdanih kr\u0161a ostalo iza nas?<\/p>\n<p>Koliko ste vojni\u010dkih\u00a0 maski na\u0161li me\u0111u litija\u0161ima?<\/p>\n<p>Treba da vas je sramota od dupeta kada ste ve\u0107 raskrstili s obrazom.<\/p>\n<p>Zbog va\u0161eg lopovluka ste spremni da u\u017edijete &#8220;voljenu Crnu Goru&#8221; iz temelja.<\/p>\n<p>Malo vam je bilo tri decenije razuzdanog vladanja i \u0107eranja svega i svakoga, nego biste preko &#8220;rata sa Crkvom&#8221; jo\u0161 i jo\u0161.<\/p>\n<p>Zaista je bila velika nesre\u0107a imati vas za kreatore na\u0161ih malih obi\u010dnih sudbina i \u017eivota, napisao je lider Ujedinjene Crne Gore Goran Danilovi\u0107 na Fejsbuku.<\/p>\n<p>&nbsp;<\/p>\n<blockquote class=\"wp-embedded-content\" data-secret=\"NuhcSakkqX\"><p><a href=\"https:\/\/www.pcnen.com\/portal\/2022\/08\/24\/portal-bez-impresuma-pise-o-vezama-spc-sa-kriminalcima-iz-tzv-skaljarskog-klana\/\">Portal bez impresuma pi\u0161e o vezama SPC sa kriminalcima iz tzv. \u0160kaljarskog klana<\/a><\/p><\/blockquote>\n<p><iframe loading=\"lazy\" class=\"wp-embedded-content\" sandbox=\"allow-scripts\" security=\"restricted\" style=\"position: absolute; clip: rect(1px, 1px, 1px, 1px);\" title=\"&#8220;Portal bez impresuma pi\u0161e o vezama SPC sa kriminalcima iz tzv. \u0160kaljarskog klana&#8221; &#8212; PCNEN\" src=\"https:\/\/www.pcnen.com\/portal\/2022\/08\/24\/portal-bez-impresuma-pise-o-vezama-spc-sa-kriminalcima-iz-tzv-skaljarskog-klana\/embed\/#?secret=yPBw1IrFcD#?secret=NuhcSakkqX\" data-secret=\"NuhcSakkqX\" width=\"600\" height=\"338\" frameborder=\"0\" marginwidth=\"0\" marginheight=\"0\" scrolling=\"no\"><\/iframe><\/p>\n","protected":false},"excerpt":{"rendered":"<p>I, \u0161ta ka\u017eete, da se provjeri je li SPC nabavila, odnosno, htjela da nabavi oru\u017eje 2020. od \u0160kaljaraca?<\/p>\n","protected":false},"author":1,"featured_media":294519,"comment_status":"open","ping_status":"closed","sticky":false,"template":"","format":"standard","meta":{"_seopress_robots_primary_cat":"","_seopress_titles_title":"","_seopress_titles_desc":"","_seopress_robots_index":"","_et_pb_use_builder":"","_et_pb_old_content":"","_et_gb_content_width":"","inline_featured_image":false,"footnotes":""},"categories":[14],"tags":[],"class_list":["post-353733","post","type-post","status-publish","format-standard","has-post-thumbnail","hentry","category-vijesti"],"_links":{"self":[{"href":"https:\/\/www.pcnen.com\/portal\/wp-json\/wp\/v2\/posts\/353733","targetHints":{"allow":["GET"]}}],"collection":[{"href":"https:\/\/www.pcnen.com\/portal\/wp-json\/wp\/v2\/posts"}],"about":[{"href":"https:\/\/www.pcnen.com\/portal\/wp-json\/wp\/v2\/types\/post"}],"author":[{"embeddable":true,"href":"https:\/\/www.pcnen.com\/portal\/wp-json\/wp\/v2\/users\/1"}],"replies":[{"embeddable":true,"href":"https:\/\/www.pcnen.com\/portal\/wp-json\/wp\/v2\/comments?post=353733"}],"version-history":[{"count":2,"href":"https:\/\/www.pcnen.com\/portal\/wp-json\/wp\/v2\/posts\/353733\/revisions"}],"predecessor-version":[{"id":353735,"href":"https:\/\/www.pcnen.com\/portal\/wp-json\/wp\/v2\/posts\/353733\/revisions\/353735"}],"wp:featuredmedia":[{"embeddable":true,"href":"https:\/\/www.pcnen.com\/portal\/wp-json\/wp\/v2\/media\/294519"}],"wp:attachment":[{"href":"https:\/\/www.pcnen.com\/portal\/wp-json\/wp\/v2\/media?parent=353733"}],"wp:term":[{"taxonomy":"category","embeddable":true,"href":"https:\/\/www.pcnen.com\/portal\/wp-json\/wp\/v2\/categories?post=353733"},{"taxonomy":"post_tag","embeddable":true,"href":"https:\/\/www.pcnen.com\/portal\/wp-json\/wp\/v2\/tags?post=353733"}],"curies":[{"name":"wp","href":"https:\/\/api.w.org\/{rel}","templated":true}]}}