{"id":353724,"date":"2022-08-26T14:48:09","date_gmt":"2022-08-26T12:48:09","guid":{"rendered":"https:\/\/www.pcnen.com\/portal\/?p=353724"},"modified":"2022-08-26T14:50:18","modified_gmt":"2022-08-26T12:50:18","slug":"ministarstvo-zdravlja-zastitne-maske-vise-nijesu-obavezne","status":"publish","type":"post","link":"https:\/\/www.pcnen.com\/portal\/2022\/08\/26\/ministarstvo-zdravlja-zastitne-maske-vise-nijesu-obavezne\/","title":{"rendered":"Ministarstvo zdravlja: Za\u0161titne maske vi\u0161e nijesu obavezne"},"content":{"rendered":"<p>-Ukida se obaveza no\u0161enja za\u0161titnih maski u dr\u017eavnim organima, organima dr\u017eavne uprave, organima uprave, organima lokalne samouprave, javnim ustanovama i drugim subjektima koji vr\u0161e javna ovla\u0161\u0107enja u kojima se neposredno pru\u017eaju usluge gra\u0111anima<\/p>\n<p>-objektima u kojima se obavlja trgovina prehrambene robe (marketi, supermarketi, hipermarketi i sl.) uklju\u010duju\u0107i zelene pijace i \u0161tandove i tezge u zatvorenom prostoru<\/p>\n<p>-zatvorenim djelovima aerodroma, \u017eeljezni\u010dkim i autobuskim stanicama, kao i benzinskim pumpama.<\/p>\n<p>Uprkos povoljnijoj epidemiolo\u0161koj situaciji ostaje sna\u017ena preporuka za no\u0161enje za\u0161titnih maski u zatvorenim prostorima, kao i svim drugim mjestima gdje se primijeti ve\u0107e grupisanje ljudi.<\/p>\n<p>Ova preporuka posebno se odnosi na hroni\u010dne bolesnike, starija lica i imunokompromitovane osobe.<\/p>\n<p>Aktuelne epidemiolo\u0161ke mjere na snazi su narednih 14 dana.<\/p>\n<p>Dalji razvoj epidemiolo\u0161ke situacije mo\u017ee da uti\u010de na izmjenu postoje\u0107ih mjera.<\/p>\n<p>&nbsp;<\/p>\n<blockquote class=\"wp-embedded-content\" data-secret=\"f5nsv5hPye\"><p><a href=\"https:\/\/www.pcnen.com\/portal\/2022\/07\/29\/galic-maske-obavezne-u-prodavnicama-apotekama\/\">Gali\u0107: Maske obavezne u prodavnicama, apotekama\u2026<\/a><\/p><\/blockquote>\n<p><iframe loading=\"lazy\" class=\"wp-embedded-content\" sandbox=\"allow-scripts\" security=\"restricted\" style=\"position: absolute; clip: rect(1px, 1px, 1px, 1px);\" title=\"&#8220;Gali\u0107: Maske obavezne u prodavnicama, apotekama\u2026&#8221; &#8212; PCNEN\" src=\"https:\/\/www.pcnen.com\/portal\/2022\/07\/29\/galic-maske-obavezne-u-prodavnicama-apotekama\/embed\/#?secret=8lz7h9E4XS#?secret=f5nsv5hPye\" data-secret=\"f5nsv5hPye\" width=\"600\" height=\"338\" frameborder=\"0\" marginwidth=\"0\" marginheight=\"0\" scrolling=\"no\"><\/iframe><\/p>\n","protected":false},"excerpt":{"rendered":"<p>Vlada Crne Gore, saglasno trenutnoj epidemiolo\u0161koj situaciji, a na osnovu sveobuhvatne analize broja novooboljelih i epidemiolo\u0161kih indikatora, kao i uporednih parametara u odnosu na stanje u dr\u017eavama regiona i \u0161ire, odlu\u010dila je da se izmijene mjere o suzbijanju epidemije COVID 19 <\/p>\n","protected":false},"author":1,"featured_media":353725,"comment_status":"open","ping_status":"closed","sticky":false,"template":"","format":"standard","meta":{"_seopress_robots_primary_cat":"","_seopress_titles_title":"","_seopress_titles_desc":"","_seopress_robots_index":"","_et_pb_use_builder":"","_et_pb_old_content":"","_et_gb_content_width":"","inline_featured_image":false,"footnotes":""},"categories":[14],"tags":[],"class_list":["post-353724","post","type-post","status-publish","format-standard","has-post-thumbnail","hentry","category-vijesti"],"_links":{"self":[{"href":"https:\/\/www.pcnen.com\/portal\/wp-json\/wp\/v2\/posts\/353724","targetHints":{"allow":["GET"]}}],"collection":[{"href":"https:\/\/www.pcnen.com\/portal\/wp-json\/wp\/v2\/posts"}],"about":[{"href":"https:\/\/www.pcnen.com\/portal\/wp-json\/wp\/v2\/types\/post"}],"author":[{"embeddable":true,"href":"https:\/\/www.pcnen.com\/portal\/wp-json\/wp\/v2\/users\/1"}],"replies":[{"embeddable":true,"href":"https:\/\/www.pcnen.com\/portal\/wp-json\/wp\/v2\/comments?post=353724"}],"version-history":[{"count":3,"href":"https:\/\/www.pcnen.com\/portal\/wp-json\/wp\/v2\/posts\/353724\/revisions"}],"predecessor-version":[{"id":353728,"href":"https:\/\/www.pcnen.com\/portal\/wp-json\/wp\/v2\/posts\/353724\/revisions\/353728"}],"wp:featuredmedia":[{"embeddable":true,"href":"https:\/\/www.pcnen.com\/portal\/wp-json\/wp\/v2\/media\/353725"}],"wp:attachment":[{"href":"https:\/\/www.pcnen.com\/portal\/wp-json\/wp\/v2\/media?parent=353724"}],"wp:term":[{"taxonomy":"category","embeddable":true,"href":"https:\/\/www.pcnen.com\/portal\/wp-json\/wp\/v2\/categories?post=353724"},{"taxonomy":"post_tag","embeddable":true,"href":"https:\/\/www.pcnen.com\/portal\/wp-json\/wp\/v2\/tags?post=353724"}],"curies":[{"name":"wp","href":"https:\/\/api.w.org\/{rel}","templated":true}]}}