{"id":353719,"date":"2022-08-26T13:57:18","date_gmt":"2022-08-26T11:57:18","guid":{"rendered":"https:\/\/www.pcnen.com\/portal\/?p=353719"},"modified":"2022-08-26T13:57:18","modified_gmt":"2022-08-26T11:57:18","slug":"abazovic-sajber-napadi-veoma-ozbiljni-i-politicki-motivisani","status":"publish","type":"post","link":"https:\/\/www.pcnen.com\/portal\/2022\/08\/26\/abazovic-sajber-napadi-veoma-ozbiljni-i-politicki-motivisani\/","title":{"rendered":"Abazovi\u0107: Sajber napadi veoma ozbiljni i politi\u010dki motivisani"},"content":{"rendered":"<p>Rekao je da \u0107e danas u 14.30 zasjedati Savjet za informacionu bezbjednost, koji vodi ministar javne uprave, te da \u0107e o svemu dobiti pisani izvje\u0161taj.<\/p>\n<p>Abazovi\u0107 je naveo da nadle\u017eni prate situaciju, da je uklju\u010dena Agencija za nacionalnu bezbjednost, Uprava policije i Ministarstvo odbrane.<\/p>\n<p>&#8220;Radi se, po mom skromnom sudu, o politi\u010dko motivisanom napadu. \u010cisto da opet budem kao vidovnjak, radi se o napadu koji se desio par sati nakon \u0161to je izglasano nepovjerenje Vladi. Kad sam govorio o destabilizaciji, sve \u0161to predvidim, sve se desi. Ne mogu da vjerujem da neki ljudi koji su po 10, 20, 30 godina u politici i imaju iskustvo, i dalje uporno zemlju \u017eele da guraju u nestabilnost. Nije im dovoljno \u0161to su oteli, zloupotrijebili, \u0161to su se obogatili, i \u010dlanovi njihove familije, kumovi&#8230; Ne mogu da razumijem, ne znam da li je to problem mog intelekta ili morala, to ne mogu da prihvatim&#8221;, dodao je on, prenosi portal Vijesti.<\/p>\n<p>Abazovi\u0107 je zahvalio i me\u0111unarodnim partnerima, koji su, kako je rekao, od subote ujutro velika podr\u0161ka institucijama sistema u razotkrivanju napada i za\u0161titi podataka gra\u0111ana.<\/p>\n<p>&#8220;Li\u010dni podaci stanovni\u0161tva su potpuno bezbjedni i sve \u0161to su bili direktni udari na Vladu i njene instuticije su suzbijeni, ali postoje druge institucije sistema koje su do\u017eivjele novi napad&#8221;, rekao je on.<\/p>\n<blockquote class=\"wp-embedded-content\" data-secret=\"LbnuebmTBC\"><p><a href=\"https:\/\/www.pcnen.com\/portal\/2022\/08\/26\/vlada-od-sinoc-izlozena-novoj-seriji-sajber-napada\/\">Vlada od sino\u0107 izlo\u017eena novoj seriji sajber napada<\/a><\/p><\/blockquote>\n<p><iframe loading=\"lazy\" class=\"wp-embedded-content\" sandbox=\"allow-scripts\" security=\"restricted\" style=\"position: absolute; clip: rect(1px, 1px, 1px, 1px);\" title=\"&#8220;Vlada od sino\u0107 izlo\u017eena novoj seriji sajber napada&#8221; &#8212; PCNEN\" src=\"https:\/\/www.pcnen.com\/portal\/2022\/08\/26\/vlada-od-sinoc-izlozena-novoj-seriji-sajber-napada\/embed\/#?secret=0Y2B7GYLoo#?secret=LbnuebmTBC\" data-secret=\"LbnuebmTBC\" width=\"600\" height=\"338\" frameborder=\"0\" marginwidth=\"0\" marginheight=\"0\" scrolling=\"no\"><\/iframe><\/p>\n","protected":false},"excerpt":{"rendered":"<p>Predsjednik Vlade u tehni\u010dkom mandatu Dritan Abazovi\u0107 ocijenio je da su najnoviji sajber napadi na Vladine servere politi\u010dki motivisani, rekav\u0161i da se radi o veoma ozbiljnim napadima.<\/p>\n","protected":false},"author":1,"featured_media":349717,"comment_status":"open","ping_status":"closed","sticky":false,"template":"","format":"standard","meta":{"_seopress_robots_primary_cat":"","_seopress_titles_title":"","_seopress_titles_desc":"","_seopress_robots_index":"","_et_pb_use_builder":"","_et_pb_old_content":"","_et_gb_content_width":"","inline_featured_image":false,"footnotes":""},"categories":[14],"tags":[],"class_list":["post-353719","post","type-post","status-publish","format-standard","has-post-thumbnail","hentry","category-vijesti"],"_links":{"self":[{"href":"https:\/\/www.pcnen.com\/portal\/wp-json\/wp\/v2\/posts\/353719","targetHints":{"allow":["GET"]}}],"collection":[{"href":"https:\/\/www.pcnen.com\/portal\/wp-json\/wp\/v2\/posts"}],"about":[{"href":"https:\/\/www.pcnen.com\/portal\/wp-json\/wp\/v2\/types\/post"}],"author":[{"embeddable":true,"href":"https:\/\/www.pcnen.com\/portal\/wp-json\/wp\/v2\/users\/1"}],"replies":[{"embeddable":true,"href":"https:\/\/www.pcnen.com\/portal\/wp-json\/wp\/v2\/comments?post=353719"}],"version-history":[{"count":1,"href":"https:\/\/www.pcnen.com\/portal\/wp-json\/wp\/v2\/posts\/353719\/revisions"}],"predecessor-version":[{"id":353720,"href":"https:\/\/www.pcnen.com\/portal\/wp-json\/wp\/v2\/posts\/353719\/revisions\/353720"}],"wp:featuredmedia":[{"embeddable":true,"href":"https:\/\/www.pcnen.com\/portal\/wp-json\/wp\/v2\/media\/349717"}],"wp:attachment":[{"href":"https:\/\/www.pcnen.com\/portal\/wp-json\/wp\/v2\/media?parent=353719"}],"wp:term":[{"taxonomy":"category","embeddable":true,"href":"https:\/\/www.pcnen.com\/portal\/wp-json\/wp\/v2\/categories?post=353719"},{"taxonomy":"post_tag","embeddable":true,"href":"https:\/\/www.pcnen.com\/portal\/wp-json\/wp\/v2\/tags?post=353719"}],"curies":[{"name":"wp","href":"https:\/\/api.w.org\/{rel}","templated":true}]}}