{"id":353711,"date":"2022-08-26T12:32:34","date_gmt":"2022-08-26T10:32:34","guid":{"rendered":"https:\/\/www.pcnen.com\/portal\/?p=353711"},"modified":"2022-08-26T12:32:34","modified_gmt":"2022-08-26T10:32:34","slug":"milosevic-organizovani-pokusaj-moje-diskreditacije","status":"publish","type":"post","link":"https:\/\/www.pcnen.com\/portal\/2022\/08\/26\/milosevic-organizovani-pokusaj-moje-diskreditacije\/","title":{"rendered":"Milo\u0161evi\u0107: Organizovani poku\u0161aj moje diskreditacije"},"content":{"rendered":"<p>&#8220;Prije svega zbog aktivnosti koje smo do sad sprovodili u cilju suzbijanja \u0161verca cigareta i koje tek planiramo da sprovedemo u narednom periodu&#8221;, rekao je Milo\u0161evi\u0107 u reagovanju proslije\u0111enom medijima.<\/p>\n<p>On je kazao da Sofiju Bulatovi\u0107 poznaje \u201cdugi niz godina, iz vremena prije stupanja na javnu funkciju\u201d.<\/p>\n<p>\u201cUkoliko je ona zaista pripadnica organizovane kriminalne grupe, kako je mogla 2018. godine biti anga\u017eovana kao pripravnica u MUP-u, ukoliko se ima u vidu da se prilikom zapo\u0161ljavanja u MUP-u i Upravi policije vr\u0161e bezbjednosne procjene&#8221;, pita Milo\u0161evi\u0107.<\/p>\n<p>On ka\u017ee da nije dobio nijednu zvani\u010dnu informaciju, nijednog dr\u017eavnog organa, slu\u017ebe ili institucije, &#8220;koja bi mi dala do znanja da se radi o osobi koja pripada bilo kojoj kriminalnoj grupi, niti da je uklju\u010dena u bilo kakvu kriminalnu aktivnost&#8221;.<\/p>\n<p>&nbsp;<\/p>\n<blockquote class=\"wp-embedded-content\" data-secret=\"4qYdTA52Rf\"><p><a href=\"https:\/\/www.pcnen.com\/portal\/2022\/08\/25\/abazovic-milosevic-vjerovatno-nije-znao-s-kim-sjedi\/\">Abazovi\u0107: Milo\u0161evi\u0107 vjerovatno\u00a0 nije znao s kim sjedi<\/a><\/p><\/blockquote>\n<p><iframe loading=\"lazy\" class=\"wp-embedded-content\" sandbox=\"allow-scripts\" security=\"restricted\" style=\"position: absolute; clip: rect(1px, 1px, 1px, 1px);\" title=\"&#8220;Abazovi\u0107: Milo\u0161evi\u0107 vjerovatno\u00a0 nije znao s kim sjedi&#8221; &#8212; PCNEN\" src=\"https:\/\/www.pcnen.com\/portal\/2022\/08\/25\/abazovic-milosevic-vjerovatno-nije-znao-s-kim-sjedi\/embed\/#?secret=bCozVmetVj#?secret=4qYdTA52Rf\" data-secret=\"4qYdTA52Rf\" width=\"600\" height=\"338\" frameborder=\"0\" marginwidth=\"0\" marginheight=\"0\" scrolling=\"no\"><\/iframe><\/p>\n<p>&nbsp;<\/p>\n","protected":false},"excerpt":{"rendered":"<p>Povodom fotografije sa Sofijom Bulatovi\u0107, navodnom \u010dlanicom klana bra\u0107e Dre\u0161aj, direktor Uprave prihoda i carina Rade Milo\u0161evi\u0107 je kazao da se radi o poku\u0161aju njegove diskreditacije na organizovan na\u010din.<\/p>\n","protected":false},"author":1,"featured_media":0,"comment_status":"open","ping_status":"closed","sticky":false,"template":"","format":"standard","meta":{"_seopress_robots_primary_cat":"","_seopress_titles_title":"","_seopress_titles_desc":"","_seopress_robots_index":"","_et_pb_use_builder":"","_et_pb_old_content":"","_et_gb_content_width":"","inline_featured_image":false,"footnotes":""},"categories":[14],"tags":[],"class_list":["post-353711","post","type-post","status-publish","format-standard","hentry","category-vijesti"],"_links":{"self":[{"href":"https:\/\/www.pcnen.com\/portal\/wp-json\/wp\/v2\/posts\/353711","targetHints":{"allow":["GET"]}}],"collection":[{"href":"https:\/\/www.pcnen.com\/portal\/wp-json\/wp\/v2\/posts"}],"about":[{"href":"https:\/\/www.pcnen.com\/portal\/wp-json\/wp\/v2\/types\/post"}],"author":[{"embeddable":true,"href":"https:\/\/www.pcnen.com\/portal\/wp-json\/wp\/v2\/users\/1"}],"replies":[{"embeddable":true,"href":"https:\/\/www.pcnen.com\/portal\/wp-json\/wp\/v2\/comments?post=353711"}],"version-history":[{"count":1,"href":"https:\/\/www.pcnen.com\/portal\/wp-json\/wp\/v2\/posts\/353711\/revisions"}],"predecessor-version":[{"id":353712,"href":"https:\/\/www.pcnen.com\/portal\/wp-json\/wp\/v2\/posts\/353711\/revisions\/353712"}],"wp:attachment":[{"href":"https:\/\/www.pcnen.com\/portal\/wp-json\/wp\/v2\/media?parent=353711"}],"wp:term":[{"taxonomy":"category","embeddable":true,"href":"https:\/\/www.pcnen.com\/portal\/wp-json\/wp\/v2\/categories?post=353711"},{"taxonomy":"post_tag","embeddable":true,"href":"https:\/\/www.pcnen.com\/portal\/wp-json\/wp\/v2\/tags?post=353711"}],"curies":[{"name":"wp","href":"https:\/\/api.w.org\/{rel}","templated":true}]}}