{"id":353703,"date":"2022-08-26T10:35:35","date_gmt":"2022-08-26T08:35:35","guid":{"rendered":"https:\/\/www.pcnen.com\/portal\/?p=353703"},"modified":"2022-08-26T10:35:35","modified_gmt":"2022-08-26T08:35:35","slug":"s-makedonija-proglasila-energetsku-krizu","status":"publish","type":"post","link":"https:\/\/www.pcnen.com\/portal\/2022\/08\/26\/s-makedonija-proglasila-energetsku-krizu\/","title":{"rendered":"S.Makedonija proglasila energetsku krizu"},"content":{"rendered":"<p>Koje \u0107e mjere biti poduzete za pomo\u0107 privredi, bi\u0107e dodatno odlu\u010deno, kazali su za Radio Slobodna Evropa u Ministarstvu za ekonomiju.<\/p>\n<p>Od prvog septembra stupaju na snagu dvije vladine odluke, a to su krizna situacija u snabdijevanju toplotnom energijom u gradu Skoplju te odluka o opskrbi elektri\u010dnom energijom na cijeloj teritoriji Republike S.Makedonije.<\/p>\n<p>Krizno stanje na nivou grada Skoplja progla\u0161eno je zbog nedostatka toplotne energije, mogu\u0107nosti kori\u0161\u0107enja alternativnog goriva i stanja na tr\u017ei\u0161tu toplotne energije.<\/p>\n<p>Druga odluka, koja se odnosi na cijelu teritoriju, donesena je zbog nedostatka elektri\u010dne energije i stanja na tr\u017ei\u0161tu elektri\u010dne energije, navodi se u saop\u0161tenju Vlade.<\/p>\n<p>Od prvog septembra, kada \u0107e na snagu stupiti krizno stanje, na snagu bi trebale stupiti i posljednje donesene Vladine mjere \u0161tednje elektri\u010dne energije.<\/p>\n<p>Dr\u017eavnim i javnim institucijama je nalo\u017eeno da ne koriste osvjetljenje u unutra\u0161njim prostorijama i kancelarijama u javnim zgradama u periodu kada ima dovoljno dnevne svjetlosti.<\/p>\n<p>Za javne ustanove one \u0107e biti obavezne, a za doma\u0107instva i privatne firme imat \u0107e oblik preporuke.<\/p>\n","protected":false},"excerpt":{"rendered":"<p>Vlada S. Makedonije je donijela odluku o progla\u0161enju kriznog stanja u energetici koja \u0107e va\u017eiti od 1. septembra.<\/p>\n","protected":false},"author":1,"featured_media":353704,"comment_status":"open","ping_status":"closed","sticky":false,"template":"","format":"standard","meta":{"_seopress_robots_primary_cat":"","_seopress_titles_title":"","_seopress_titles_desc":"","_seopress_robots_index":"","_et_pb_use_builder":"","_et_pb_old_content":"","_et_gb_content_width":"","inline_featured_image":false,"footnotes":""},"categories":[14],"tags":[],"class_list":["post-353703","post","type-post","status-publish","format-standard","has-post-thumbnail","hentry","category-vijesti"],"_links":{"self":[{"href":"https:\/\/www.pcnen.com\/portal\/wp-json\/wp\/v2\/posts\/353703","targetHints":{"allow":["GET"]}}],"collection":[{"href":"https:\/\/www.pcnen.com\/portal\/wp-json\/wp\/v2\/posts"}],"about":[{"href":"https:\/\/www.pcnen.com\/portal\/wp-json\/wp\/v2\/types\/post"}],"author":[{"embeddable":true,"href":"https:\/\/www.pcnen.com\/portal\/wp-json\/wp\/v2\/users\/1"}],"replies":[{"embeddable":true,"href":"https:\/\/www.pcnen.com\/portal\/wp-json\/wp\/v2\/comments?post=353703"}],"version-history":[{"count":1,"href":"https:\/\/www.pcnen.com\/portal\/wp-json\/wp\/v2\/posts\/353703\/revisions"}],"predecessor-version":[{"id":353705,"href":"https:\/\/www.pcnen.com\/portal\/wp-json\/wp\/v2\/posts\/353703\/revisions\/353705"}],"wp:featuredmedia":[{"embeddable":true,"href":"https:\/\/www.pcnen.com\/portal\/wp-json\/wp\/v2\/media\/353704"}],"wp:attachment":[{"href":"https:\/\/www.pcnen.com\/portal\/wp-json\/wp\/v2\/media?parent=353703"}],"wp:term":[{"taxonomy":"category","embeddable":true,"href":"https:\/\/www.pcnen.com\/portal\/wp-json\/wp\/v2\/categories?post=353703"},{"taxonomy":"post_tag","embeddable":true,"href":"https:\/\/www.pcnen.com\/portal\/wp-json\/wp\/v2\/tags?post=353703"}],"curies":[{"name":"wp","href":"https:\/\/api.w.org\/{rel}","templated":true}]}}