{"id":353700,"date":"2022-08-26T10:22:05","date_gmt":"2022-08-26T08:22:05","guid":{"rendered":"https:\/\/www.pcnen.com\/portal\/?p=353700"},"modified":"2022-08-26T10:22:05","modified_gmt":"2022-08-26T08:22:05","slug":"prvi-put-klub-sa-kosova-usao-u-evropsko-takmicenje","status":"publish","type":"post","link":"https:\/\/www.pcnen.com\/portal\/2022\/08\/26\/prvi-put-klub-sa-kosova-usao-u-evropsko-takmicenje\/","title":{"rendered":"Prvi put klub sa Kosova u\u0161ao u evropsko takmi\u010denje"},"content":{"rendered":"<p>To je prvi put da se tim sa Kosova plasirao u grupnu fazu nekog evropskog takmi\u010denja, p<a href=\"https:\/\/www.kosovo-online.com\/vesti\/sport\/balkani-se-plasirao-u-grupnu-fazu-uefa-lige-konferencija-26-8-2022\">i\u0161e portal kosovo online.<\/a><\/p>\n<p>Meriton Korenica postigao je jedini i pobjedonosni gol za Balkani protiv &#8220;\u0160kupija&#8221; u 69. minutu, tako da sa ukupnih 3:1 iz oba me\u010da kosovski prvak odlazi dalje u grupnu fazu evropskog takmi\u010denja.<\/p>\n","protected":false},"excerpt":{"rendered":"<p>Prvak Kosova u fudbalu Balkani pobjedom nad \u0160kupijem iz S. Makedonije plasirao se u grupnu fazu UEFA Lige konferencija.<\/p>\n","protected":false},"author":1,"featured_media":353701,"comment_status":"open","ping_status":"closed","sticky":false,"template":"","format":"standard","meta":{"_seopress_robots_primary_cat":"","_seopress_titles_title":"","_seopress_titles_desc":"","_seopress_robots_index":"","_et_pb_use_builder":"","_et_pb_old_content":"","_et_gb_content_width":"","inline_featured_image":false,"footnotes":""},"categories":[14],"tags":[],"class_list":["post-353700","post","type-post","status-publish","format-standard","has-post-thumbnail","hentry","category-vijesti"],"_links":{"self":[{"href":"https:\/\/www.pcnen.com\/portal\/wp-json\/wp\/v2\/posts\/353700","targetHints":{"allow":["GET"]}}],"collection":[{"href":"https:\/\/www.pcnen.com\/portal\/wp-json\/wp\/v2\/posts"}],"about":[{"href":"https:\/\/www.pcnen.com\/portal\/wp-json\/wp\/v2\/types\/post"}],"author":[{"embeddable":true,"href":"https:\/\/www.pcnen.com\/portal\/wp-json\/wp\/v2\/users\/1"}],"replies":[{"embeddable":true,"href":"https:\/\/www.pcnen.com\/portal\/wp-json\/wp\/v2\/comments?post=353700"}],"version-history":[{"count":1,"href":"https:\/\/www.pcnen.com\/portal\/wp-json\/wp\/v2\/posts\/353700\/revisions"}],"predecessor-version":[{"id":353702,"href":"https:\/\/www.pcnen.com\/portal\/wp-json\/wp\/v2\/posts\/353700\/revisions\/353702"}],"wp:featuredmedia":[{"embeddable":true,"href":"https:\/\/www.pcnen.com\/portal\/wp-json\/wp\/v2\/media\/353701"}],"wp:attachment":[{"href":"https:\/\/www.pcnen.com\/portal\/wp-json\/wp\/v2\/media?parent=353700"}],"wp:term":[{"taxonomy":"category","embeddable":true,"href":"https:\/\/www.pcnen.com\/portal\/wp-json\/wp\/v2\/categories?post=353700"},{"taxonomy":"post_tag","embeddable":true,"href":"https:\/\/www.pcnen.com\/portal\/wp-json\/wp\/v2\/tags?post=353700"}],"curies":[{"name":"wp","href":"https:\/\/api.w.org\/{rel}","templated":true}]}}