{"id":353688,"date":"2022-08-26T07:51:34","date_gmt":"2022-08-26T05:51:34","guid":{"rendered":"https:\/\/www.pcnen.com\/portal\/?p=353688"},"modified":"2022-08-26T07:51:34","modified_gmt":"2022-08-26T05:51:34","slug":"adria-demokrate-bi-lekica-za-premijera","status":"publish","type":"post","link":"https:\/\/www.pcnen.com\/portal\/2022\/08\/26\/adria-demokrate-bi-lekica-za-premijera\/","title":{"rendered":"Adria: Demokrate bi Leki\u0107a za premijera"},"content":{"rendered":"<p>Na taj na\u010din Demokrate poku\u0161avaju da resetuju odnose unutar koalicija koje su pobijedile na parlamentarnim izborima 2020. Godine, napominje Adria.<\/p>\n","protected":false},"excerpt":{"rendered":"<p>Demokratskoj Crnoj Gori, \u010diji su poslanici glasali za pad vlade premijera Dritana Abazovi\u0107a, prihvatljivo je da lider DEMOS-a Miodrag Leki\u0107 bude novi premijer, saznaje portal Adria.<\/p>\n","protected":false},"author":1,"featured_media":321377,"comment_status":"open","ping_status":"closed","sticky":false,"template":"","format":"standard","meta":{"_seopress_robots_primary_cat":"","_seopress_titles_title":"","_seopress_titles_desc":"","_seopress_robots_index":"","_et_pb_use_builder":"","_et_pb_old_content":"","_et_gb_content_width":"","inline_featured_image":false,"footnotes":""},"categories":[14],"tags":[],"class_list":["post-353688","post","type-post","status-publish","format-standard","has-post-thumbnail","hentry","category-vijesti"],"_links":{"self":[{"href":"https:\/\/www.pcnen.com\/portal\/wp-json\/wp\/v2\/posts\/353688","targetHints":{"allow":["GET"]}}],"collection":[{"href":"https:\/\/www.pcnen.com\/portal\/wp-json\/wp\/v2\/posts"}],"about":[{"href":"https:\/\/www.pcnen.com\/portal\/wp-json\/wp\/v2\/types\/post"}],"author":[{"embeddable":true,"href":"https:\/\/www.pcnen.com\/portal\/wp-json\/wp\/v2\/users\/1"}],"replies":[{"embeddable":true,"href":"https:\/\/www.pcnen.com\/portal\/wp-json\/wp\/v2\/comments?post=353688"}],"version-history":[{"count":1,"href":"https:\/\/www.pcnen.com\/portal\/wp-json\/wp\/v2\/posts\/353688\/revisions"}],"predecessor-version":[{"id":353689,"href":"https:\/\/www.pcnen.com\/portal\/wp-json\/wp\/v2\/posts\/353688\/revisions\/353689"}],"wp:featuredmedia":[{"embeddable":true,"href":"https:\/\/www.pcnen.com\/portal\/wp-json\/wp\/v2\/media\/321377"}],"wp:attachment":[{"href":"https:\/\/www.pcnen.com\/portal\/wp-json\/wp\/v2\/media?parent=353688"}],"wp:term":[{"taxonomy":"category","embeddable":true,"href":"https:\/\/www.pcnen.com\/portal\/wp-json\/wp\/v2\/categories?post=353688"},{"taxonomy":"post_tag","embeddable":true,"href":"https:\/\/www.pcnen.com\/portal\/wp-json\/wp\/v2\/tags?post=353688"}],"curies":[{"name":"wp","href":"https:\/\/api.w.org\/{rel}","templated":true}]}}