{"id":353505,"date":"2022-08-23T18:53:01","date_gmt":"2022-08-23T16:53:01","guid":{"rendered":"https:\/\/www.pcnen.com\/portal\/?p=353505"},"modified":"2022-08-23T18:53:01","modified_gmt":"2022-08-23T16:53:01","slug":"tviter-nalozi-ambasada-srbije-greskom-suspendovani","status":"publish","type":"post","link":"https:\/\/www.pcnen.com\/portal\/2022\/08\/23\/tviter-nalozi-ambasada-srbije-greskom-suspendovani\/","title":{"rendered":"Tviter: Nalozi ambasada Srbije gre\u0161kom suspendovani"},"content":{"rendered":"<p>&#8220;Koristec\u0301i tehnologiju i ljudske resurse, svake nedelje uklanjamo milione naloga zbog kr\u0161enja na\u0161ih smernica o manipulacijama i spamovima na platformi. U ovom slu\u010daju, gre\u0161kom smo preduzeli mere prinude na vi\u0161e naloga i oni su ponovo aktivirani&#8221;, navodi se u odgovoru portparola kompanije Tviter na upit portala Radio slobodna Evropa.<\/p>\n<p>Ministarstvo spoljnih poslova Srbije saop\u0161tilo je ju\u010de da su Tviter nalozi ovih ambasada Srbije suspendovani &#8220;bez ikakvog obrazlo\u017eenja ili prethodne poruke kojom bi se ukazivalo na eventualne povrede pravila komuniciranja na toj dru\u0161tvenoj mre\u017ei&#8221;.<\/p>\n<p>Kompanija Tviter suspendovala je 18. avgusta i naloge na desetine aktuelnih i biv\u0161ih poslanika i politi\u010dara vladaju\u0107e Srpske napredne stranke u Srbiji, kao i jednog Vladinog zvani\u010dnika.<\/p>\n<p>Iz ove kompanije su za RSE kasnije naveli da je i u slu\u010daju ovih suspendovanih naloga iz Srbije gre\u0161kom preduzela mjere prinude.<\/p>\n<blockquote class=\"wp-embedded-content\" data-secret=\"vSKhjp1yoq\"><p><a href=\"https:\/\/www.pcnen.com\/portal\/2022\/08\/22\/i-srbijanski-ambasadori-na-udaru-tvitera\/\">I srbijanski ambasadori na udaru Tvitera<\/a><\/p><\/blockquote>\n<p><iframe loading=\"lazy\" class=\"wp-embedded-content\" sandbox=\"allow-scripts\" security=\"restricted\" style=\"position: absolute; clip: rect(1px, 1px, 1px, 1px);\" title=\"&#8220;I srbijanski ambasadori na udaru Tvitera&#8221; &#8212; PCNEN\" src=\"https:\/\/www.pcnen.com\/portal\/2022\/08\/22\/i-srbijanski-ambasadori-na-udaru-tvitera\/embed\/#?secret=AYTVCdjEon#?secret=vSKhjp1yoq\" data-secret=\"vSKhjp1yoq\" width=\"600\" height=\"338\" frameborder=\"0\" marginwidth=\"0\" marginheight=\"0\" scrolling=\"no\"><\/iframe><\/p>\n","protected":false},"excerpt":{"rendered":"<p>Kompanija Tviter saop\u0161tila je da su nalozi ambasada Srbije u Jermeniji, Iranu, Indoneziji, Nigeriji, Zimbabveu, Gani i Kuvajtu, kao i Generalnog konzulata u \u010cikagu gre\u0161kom suspendovani 18. avgusta.<\/p>\n","protected":false},"author":1,"featured_media":0,"comment_status":"open","ping_status":"closed","sticky":false,"template":"","format":"standard","meta":{"_seopress_robots_primary_cat":"","_seopress_titles_title":"","_seopress_titles_desc":"","_seopress_robots_index":"","_et_pb_use_builder":"","_et_pb_old_content":"","_et_gb_content_width":"","inline_featured_image":false,"footnotes":""},"categories":[14],"tags":[],"class_list":["post-353505","post","type-post","status-publish","format-standard","hentry","category-vijesti"],"_links":{"self":[{"href":"https:\/\/www.pcnen.com\/portal\/wp-json\/wp\/v2\/posts\/353505","targetHints":{"allow":["GET"]}}],"collection":[{"href":"https:\/\/www.pcnen.com\/portal\/wp-json\/wp\/v2\/posts"}],"about":[{"href":"https:\/\/www.pcnen.com\/portal\/wp-json\/wp\/v2\/types\/post"}],"author":[{"embeddable":true,"href":"https:\/\/www.pcnen.com\/portal\/wp-json\/wp\/v2\/users\/1"}],"replies":[{"embeddable":true,"href":"https:\/\/www.pcnen.com\/portal\/wp-json\/wp\/v2\/comments?post=353505"}],"version-history":[{"count":1,"href":"https:\/\/www.pcnen.com\/portal\/wp-json\/wp\/v2\/posts\/353505\/revisions"}],"predecessor-version":[{"id":353506,"href":"https:\/\/www.pcnen.com\/portal\/wp-json\/wp\/v2\/posts\/353505\/revisions\/353506"}],"wp:attachment":[{"href":"https:\/\/www.pcnen.com\/portal\/wp-json\/wp\/v2\/media?parent=353505"}],"wp:term":[{"taxonomy":"category","embeddable":true,"href":"https:\/\/www.pcnen.com\/portal\/wp-json\/wp\/v2\/categories?post=353505"},{"taxonomy":"post_tag","embeddable":true,"href":"https:\/\/www.pcnen.com\/portal\/wp-json\/wp\/v2\/tags?post=353505"}],"curies":[{"name":"wp","href":"https:\/\/api.w.org\/{rel}","templated":true}]}}