{"id":352881,"date":"2022-08-17T09:41:43","date_gmt":"2022-08-17T07:41:43","guid":{"rendered":"https:\/\/www.pcnen.com\/portal\/?p=352881"},"modified":"2022-08-17T09:43:08","modified_gmt":"2022-08-17T07:43:08","slug":"danas-lokacija-bozovica-nepoznata-mjesecno-prima-4-500-eura","status":"publish","type":"post","link":"https:\/\/www.pcnen.com\/portal\/2022\/08\/17\/danas-lokacija-bozovica-nepoznata-mjesecno-prima-4-500-eura\/","title":{"rendered":"Danas: Lokacija Bo\u017eovi\u0107a nepoznata, mjese\u010dno prima 4.500 eura"},"content":{"rendered":"<p>Iz krugova bliskih Ministarstvu spoljnih poslova Danas nezvani\u010dno saznaje da je Bo\u017eovi\u0107 nastavio da prima deviznu platu za obavljanje ambasadorske funkcije u Crnoj Gori i nakon \u0161to je progla\u0161en \u201epersonom non grata\u201c, \u0161to je suprotno propisima Srbije.<\/p>\n<p>Izvori lista tvrde da Bo\u017eovi\u0107 prima platu ambasadora u istom iznosu, umjesto da dobija naknadu u dinarima, kakva sleduje i drugim zaposlenim u Ministarstvu.<\/p>\n<p>\u201eTo je drasti\u010dno kr\u0161enje na\u0161ih propisa i diplomatskih protokola, ina\u010de je uobi\u010dajeno da kada ambasadoru prestaje mandat, vrlo brzo se on vra\u0107a na platu u zemlji. Takav je bio slu\u010daj sa ambasadorom u Etiopiji\u201c, <a href=\"https:\/\/www.danas.rs\/vesti\/politika\/lokacija-nepoznata-a-plata-stize-gde-se-nalazi-vladimir-bozovic-ambasador-srbije-proteran-iz-crne-gore\/\">tvrde izvori Danasa.<\/a><\/p>\n<blockquote class=\"wp-embedded-content\" data-secret=\"1Rp5XJbZUz\"><p><a href=\"https:\/\/www.pcnen.com\/portal\/2022\/08\/15\/sef-crnogorske-diplomatije-urgirao-da-se-protjera-bivsi-ambasador-srbije\/\">\u0160ef crnogorske diplomatije urgirao da se protjera biv\u0161i ambasador Srbije<\/a><\/p><\/blockquote>\n<p><iframe loading=\"lazy\" class=\"wp-embedded-content\" sandbox=\"allow-scripts\" security=\"restricted\" style=\"position: absolute; clip: rect(1px, 1px, 1px, 1px);\" title=\"&#8220;\u0160ef crnogorske diplomatije urgirao da se protjera biv\u0161i ambasador Srbije&#8221; &#8212; PCNEN\" src=\"https:\/\/www.pcnen.com\/portal\/2022\/08\/15\/sef-crnogorske-diplomatije-urgirao-da-se-protjera-bivsi-ambasador-srbije\/embed\/#?secret=s9WonBW2bB#?secret=1Rp5XJbZUz\" data-secret=\"1Rp5XJbZUz\" width=\"600\" height=\"338\" frameborder=\"0\" marginwidth=\"0\" marginheight=\"0\" scrolling=\"no\"><\/iframe><\/p>\n","protected":false},"excerpt":{"rendered":"<p>Lokacija protjeranog ambasadora Srbije u Crnoj Gori Vladimira Bo\u017eovi\u0107a, koga Ministarstvo spoljnih poslova Srbije jo\u0161 nije povuklo sa tog mjesta, nepoznata je javnosti i vlastima Crne Gore, koja mu je zabranila ulazak, ali je zato u diplomatskim krugovima poznato da i dalje prima platu od 4.500 eura mjese\u010dno, pi\u0161e Danas.<\/p>\n","protected":false},"author":1,"featured_media":352884,"comment_status":"open","ping_status":"closed","sticky":false,"template":"","format":"standard","meta":{"_seopress_robots_primary_cat":"","_seopress_titles_title":"","_seopress_titles_desc":"","_seopress_robots_index":"","_et_pb_use_builder":"","_et_pb_old_content":"","_et_gb_content_width":"","inline_featured_image":false,"footnotes":""},"categories":[14],"tags":[],"class_list":["post-352881","post","type-post","status-publish","format-standard","has-post-thumbnail","hentry","category-vijesti"],"_links":{"self":[{"href":"https:\/\/www.pcnen.com\/portal\/wp-json\/wp\/v2\/posts\/352881","targetHints":{"allow":["GET"]}}],"collection":[{"href":"https:\/\/www.pcnen.com\/portal\/wp-json\/wp\/v2\/posts"}],"about":[{"href":"https:\/\/www.pcnen.com\/portal\/wp-json\/wp\/v2\/types\/post"}],"author":[{"embeddable":true,"href":"https:\/\/www.pcnen.com\/portal\/wp-json\/wp\/v2\/users\/1"}],"replies":[{"embeddable":true,"href":"https:\/\/www.pcnen.com\/portal\/wp-json\/wp\/v2\/comments?post=352881"}],"version-history":[{"count":2,"href":"https:\/\/www.pcnen.com\/portal\/wp-json\/wp\/v2\/posts\/352881\/revisions"}],"predecessor-version":[{"id":352886,"href":"https:\/\/www.pcnen.com\/portal\/wp-json\/wp\/v2\/posts\/352881\/revisions\/352886"}],"wp:featuredmedia":[{"embeddable":true,"href":"https:\/\/www.pcnen.com\/portal\/wp-json\/wp\/v2\/media\/352884"}],"wp:attachment":[{"href":"https:\/\/www.pcnen.com\/portal\/wp-json\/wp\/v2\/media?parent=352881"}],"wp:term":[{"taxonomy":"category","embeddable":true,"href":"https:\/\/www.pcnen.com\/portal\/wp-json\/wp\/v2\/categories?post=352881"},{"taxonomy":"post_tag","embeddable":true,"href":"https:\/\/www.pcnen.com\/portal\/wp-json\/wp\/v2\/tags?post=352881"}],"curies":[{"name":"wp","href":"https:\/\/api.w.org\/{rel}","templated":true}]}}