{"id":352729,"date":"2022-08-15T17:59:47","date_gmt":"2022-08-15T15:59:47","guid":{"rendered":"https:\/\/www.pcnen.com\/portal\/?p=352729"},"modified":"2022-08-15T17:59:47","modified_gmt":"2022-08-15T15:59:47","slug":"sef-crnogorske-diplomatije-urgirao-da-se-protjera-bivsi-ambasador-srbije","status":"publish","type":"post","link":"https:\/\/www.pcnen.com\/portal\/2022\/08\/15\/sef-crnogorske-diplomatije-urgirao-da-se-protjera-bivsi-ambasador-srbije\/","title":{"rendered":"\u0160ef crnogorske diplomatije urgirao da se protjera biv\u0161i ambasador Srbije"},"content":{"rendered":"<p>Ministarstvo vanjskih poslova je na svome tviter nalogu navalo da je jo\u0161 12. avgusta od MUP-a zatra\u017eilo zabranu ulaska, a \u201csamim tim i trajno udaljenje iz Crne Gore persone non grata Vladimira Bo\u017eovi\u0107a\u201d.<\/p>\n<p>\u201cPovodom <a href=\"https:\/\/www.pcnen.com\/portal\/2022\/08\/14\/vucic-pisao-dukanovicu-preko-persona-non-grata-bozovica\/\" target=\"_blank\" rel=\"noopener\">najnovijeg slu\u010daja njegovog neistinitog i formalnog predstavljanja kao ambasadora<\/a>, zatra\u017eili smo diplomatskim kanalom obja\u0161njenje od Ambasade R. Srbije u Podgorici i dobili odgovor da je on ambasador sve dok predsjednik Srbije ne donese ukaz o njegovom opozivu sa du\u017enosti. Persona non grata Vladimir Bo\u017eovi\u0107, kontinuirano, a sada i u Danu \u017ealosti, sramotno vrije\u0111a gra\u0111ane Crne Gore i nipoda\u0161tava njen me\u0111unarodno-pravni subjektivitet\u201d, re\u010deno je u poruci MVP Crne Gore.<\/p>\n<p>Vladimir Bo\u017eovi\u0107 je progla\u0161en nepo\u017eeljnom osobom (persona non grata) krajem novembra 2020. godine.<\/p>\n<blockquote class=\"wp-embedded-content\" data-secret=\"yCXTFJHejc\"><p><a href=\"https:\/\/www.pcnen.com\/portal\/2020\/11\/28\/mvp-zatrazilo-da-ambasador-srbije-napusti-crnu-goru\/\">MVP zatra\u017eilo da ambasador Srbije napusti Crnu Goru<\/a><\/p><\/blockquote>\n<p><iframe loading=\"lazy\" class=\"wp-embedded-content\" sandbox=\"allow-scripts\" security=\"restricted\" style=\"position: absolute; clip: rect(1px, 1px, 1px, 1px);\" title=\"&#8220;MVP zatra\u017eilo da ambasador Srbije napusti Crnu Goru&#8221; &#8212; PCNEN\" src=\"https:\/\/www.pcnen.com\/portal\/2020\/11\/28\/mvp-zatrazilo-da-ambasador-srbije-napusti-crnu-goru\/embed\/#?secret=dEXG7AFABw#?secret=yCXTFJHejc\" data-secret=\"yCXTFJHejc\" width=\"600\" height=\"338\" frameborder=\"0\" marginwidth=\"0\" marginheight=\"0\" scrolling=\"no\"><\/iframe><\/p>\n","protected":false},"excerpt":{"rendered":"<p>Ministar vanjskih poslova Crne Gore Ranko\u00a0 Krivokapi\u0107 je danas uputio urgenciju Ministarstvu uutra\u0161njih poslova i ponovo zatra\u017eio promptnu zabranu ulaska i udaljenje biv\u0161eg ambasadora Srbije u Podgorici Vladimira Bo\u017eovi\u0107a ukoliko je na teritoriji Crne Gore.<\/p>\n","protected":false},"author":1,"featured_media":349951,"comment_status":"open","ping_status":"closed","sticky":false,"template":"","format":"standard","meta":{"_seopress_robots_primary_cat":"","_seopress_titles_title":"","_seopress_titles_desc":"","_seopress_robots_index":"","_et_pb_use_builder":"","_et_pb_old_content":"","_et_gb_content_width":"","inline_featured_image":false,"footnotes":""},"categories":[14],"tags":[],"class_list":["post-352729","post","type-post","status-publish","format-standard","has-post-thumbnail","hentry","category-vijesti"],"_links":{"self":[{"href":"https:\/\/www.pcnen.com\/portal\/wp-json\/wp\/v2\/posts\/352729","targetHints":{"allow":["GET"]}}],"collection":[{"href":"https:\/\/www.pcnen.com\/portal\/wp-json\/wp\/v2\/posts"}],"about":[{"href":"https:\/\/www.pcnen.com\/portal\/wp-json\/wp\/v2\/types\/post"}],"author":[{"embeddable":true,"href":"https:\/\/www.pcnen.com\/portal\/wp-json\/wp\/v2\/users\/1"}],"replies":[{"embeddable":true,"href":"https:\/\/www.pcnen.com\/portal\/wp-json\/wp\/v2\/comments?post=352729"}],"version-history":[{"count":1,"href":"https:\/\/www.pcnen.com\/portal\/wp-json\/wp\/v2\/posts\/352729\/revisions"}],"predecessor-version":[{"id":352730,"href":"https:\/\/www.pcnen.com\/portal\/wp-json\/wp\/v2\/posts\/352729\/revisions\/352730"}],"wp:featuredmedia":[{"embeddable":true,"href":"https:\/\/www.pcnen.com\/portal\/wp-json\/wp\/v2\/media\/349951"}],"wp:attachment":[{"href":"https:\/\/www.pcnen.com\/portal\/wp-json\/wp\/v2\/media?parent=352729"}],"wp:term":[{"taxonomy":"category","embeddable":true,"href":"https:\/\/www.pcnen.com\/portal\/wp-json\/wp\/v2\/categories?post=352729"},{"taxonomy":"post_tag","embeddable":true,"href":"https:\/\/www.pcnen.com\/portal\/wp-json\/wp\/v2\/tags?post=352729"}],"curies":[{"name":"wp","href":"https:\/\/api.w.org\/{rel}","templated":true}]}}