{"id":352727,"date":"2022-08-15T18:21:47","date_gmt":"2022-08-15T16:21:47","guid":{"rendered":"https:\/\/www.pcnen.com\/portal\/?p=352727"},"modified":"2022-08-15T19:19:19","modified_gmt":"2022-08-15T17:19:19","slug":"samocenzurisani-tekst","status":"publish","type":"post","link":"https:\/\/www.pcnen.com\/portal\/2022\/08\/15\/samocenzurisani-tekst\/","title":{"rendered":"Samocenzurisani tekst"},"content":{"rendered":"<p>Ono za \u0161to smo mislili da se de\u0161ava i mo\u017ee desiti samo negdje daleko,\u00a0 u Americi uglavnom, desilo se kod nas. O\u010dito psihi\u010dki neuravnote\u017eena osoba, u paranoji, po\u010dela je da puca na sve oko sebe, djecu \u010dak, pobiv\u0161i deset svojih sugra\u0111ana, kom\u0161ija i ro\u0111aka, dok je \u0161est ranio, od \u010dega \u010detvoro te\u0161ko. Crna Gora je bila u \u0161oku \u2013 i dalje je, na trenutak se pomirila, za\u0107utala u iskrenom \u017ealu. Samo te\u0161ke tragedije, bar na \u010das, pomire Crnu Goru. Tako je bilo i kada su stradali putnici u vozu kod Bio\u010da.<\/p>\n<p>Prvobitni muk je ubrzo pre\u0161ao u brzopleto nala\u017eenje i targetiranje krivaca na jednoj strani, odnosno \u00a0heroja na drugoj. Krivac je na\u0111en u sporom i neadekvatnom reagovanju policije, koja se prvi put oglasila tek skoro pet sati nakon tragedije, dok su kroz javnost kru\u017eile razne informacije, poluinformacije i dezinformacije. Stvoren je opravdan utisak da je policija u cijelom slu\u010daju reagovala sporo i neadekvatno. U tragediji je na\u0111en i heroj, gra\u0111anin Cetinja koji je, po nepotvr\u0111enim informacijama, ubio masovnog ubicu i tako sprije\u010dio jo\u0161 ve\u0107u tragediju. Nevjericu u ono \u0161to se desilo, tugu i saosje\u0107anje prema ubijenim i njihovim porodicama, zamijenile su unaprijed done\u0161ene osude i presude, koje, mene bar, podsje\u0107aju na atmosferu bezakonja i lin\u010da.<\/p>\n<p>Na osnovu informacija koje kao gra\u0111anin imam, a koje su i dalje nepouzdane, policija uistinu nije djelovala blagovremeno i kako treba. Kasnila je u svemu. Morala je ranije iza\u0107i na mjesto doga\u0111aja, onesposobiti ubicu \u010dak i likvidacijom bez upozorenja kada su vidjeli da pomahnitalo puca i ubija sve oko sebe, mnogo prije iza\u0107i sa zvani\u010dnim i preciznijim saop\u0161tenjem o svemu \u0161to se doga\u0111alo. Ali, nije zakazala samo policija \u010diji su kapaciteti u malim op\u0161tinama kakvo je Cetinje vi\u0161e nego skromni, zakazao je cijeli sistem, institucije, kompletno dru\u0161tvo. Nije mi poznato da postoji makar jedna institucija koja je istinski profesionalna, sa profesionalcima a ne partijskim kadrovima na njihovom \u010delu &#8211; i u dobrom dijelu njihovog sastava. Takav sistem gra\u0111en je tri decenije, a poslije \u201epromjena\u201c se nastavilo sa istom praksom. Zato je u ovom slu\u010daju, osim policije, zakazala i radna organizacija ubijenog, Centar za socijalni rad, sistem zdravstva, ve\u0107ina medija i novinara, porodica \u010dak, prijatelji i poznanici ubice &#8211; to jest strah od stigme. Takav sistem se ne mo\u017ee promijeniti preko no\u0107i, treba da pro\u0111e vrijeme, ali za sad nema ni poku\u0161aja da se on mijenja. Preuzimanje makar objektivne odgovornosti u vidu ne\u010dije ostavke bila bi prvi, makar po\u010detni korak u tom smjeru.<\/p>\n<p>Heroj u cijeloj ovoj tragi\u010dnoj pri\u010di, po vi\u0161e nezvani\u010dnim nego zvani\u010dnim informacijama, je gra\u0111anin Cetinja koji je likvidirao ubicu &#8211; umjesto da to uradi policija, sprije\u010div\u0161i na taj na\u010din dalja stradanja nedu\u017enih ljudi i djece. Informaciju o tome su prenijeli mediji i neki od o\u010devidaca, a ne policija i istra\u017eni organi. Javnost je, sa pravom, tra\u017eila da se taj gra\u0111anin oslobodi svake vrste odgovornosti, zaprije\u0107eno je protestima i pobunom ako se on pritvori i procesuira.<\/p>\n<p>Ako je identifikovani gra\u0111anin ubistvom ubice zaista sprije\u010dio dalji masakar \u2013 a \u017eelim vjerovati da jeste jer su nam heroji u ovim vremenima nasu\u0161no potrebni, pridru\u017eujem se takvom zahtjevu. \u010cak i onom da bude nagra\u0111en zbog prisebosti, po\u017ertvovanja, spre\u010davanju jo\u0161 ve\u0107e tragedije. Me\u0111utim, pojavile su se i zvani\u010dne informacije kako je ubica bio te\u0161ko ranjen od strane policije, \u0161to je navodno telefonom javio svom prijatelju, saop\u0161tavaju\u0107i mu da vjerovatno ne\u0107e ostati \u017eiv. \u0160to ako je tim ranjavanjem u razmjeni vatre sa policijom bio onesposobljen da vi\u0161e ne mo\u017ee pucati i ubijati, a onda je ubijen&#8230;? To su pitanja na koje je odgovore ve\u0107 trebala da saop\u0161ti policija i istra\u017eni organi, koji moraju raditi bez i\u010dijih pritisaka.<\/p>\n<p>Me\u0111utim, kada gra\u0111ani izgube povjerenje u institucije sistema, spore i neefikasne, onda se de\u0161ava da gomila, na osnovu poluinformacija i li\u010dnih impresija sudi i presu\u0111uje, a to nije vladavina prava nego bezakonja i lin\u010da. Vidim, danas, da i jedan \u201e\u010duveni\u201c advokat, povodom ove tragedije donosi javne presude i dr\u017ei moralne pridike, iako bi u svakoj pristojno ure\u0111enoj dr\u017eavi bilo sporno samo njegovo bavljenje advokaturom, pored ostalog zbog njegovih moralnih ali i profesinalnih karakteristika. Istovremeno, jednom opskurnom novinaru \u2013 koji poslije svega \u0161to je pisao takvo zvanje mo\u017ee imati jedino kod nas, tragedija slu\u017ei za \u0161irenje najgore i najprimitivnije nacionalisti\u010dke mr\u017enje, \u0161to bi u ure\u0111enim dru\u0161tvima promptno osudila sva novinarska udru\u017eenja, a ni tu\u017eila\u0161tvo ne bi sjedjelo skr\u0161tenih ruku.<\/p>\n<p>Na kraju, u svoj ovoj tragediji, prije svega treba pomo\u0107i porodicama \u017ertava, konkretno a ne praznom pri\u010dom, uvijek imaju\u0107ii na umu da supruzi a pogotovo djeci ubice nije ni\u0161ta lak\u0161e, da oni nijesu krivi za (ne)djelo svog oca, sve da je bio pri zdravoj svijesti a o\u010dito da nije, stoga ih ne treba odbacivati i \u00a0stigmatizovati ve\u0107 \u00a0i njima pomo\u0107i. Jedino tako ostajemo ljudi a ne gomila spremna na lin\u010d nedu\u017enih.<\/p>\n<blockquote><p>P.S. Za dvadeset godina koliko pi\u0161em za PCNEN ni jedan tekst mi nije bio cenuzirasan, niti sam neki samocenzurisao. Zbog osjetljivosti teme i trenutka, ovaj tekst jesam, izbjegavaju\u0107i neka pore\u0111enja koja bi mnogim \u010ditoacima bila neprijatna.<\/p><\/blockquote>\n","protected":false},"excerpt":{"rendered":"<p>Pi\u0161e: Omer \u0160ARKI\u0106<\/p>\n","protected":false},"author":12,"featured_media":286086,"comment_status":"open","ping_status":"closed","sticky":false,"template":"","format":"standard","meta":{"_seopress_robots_primary_cat":"","_seopress_titles_title":"","_seopress_titles_desc":"","_seopress_robots_index":"","_et_pb_use_builder":"","_et_pb_old_content":"","_et_gb_content_width":"","inline_featured_image":false,"footnotes":""},"categories":[17],"tags":[761,2296,1169],"class_list":["post-352727","post","type-post","status-publish","format-standard","has-post-thumbnail","hentry","category-blogovi","tag-cetinje","tag-masovno-ubistvo","tag-omer-sarkic"],"_links":{"self":[{"href":"https:\/\/www.pcnen.com\/portal\/wp-json\/wp\/v2\/posts\/352727","targetHints":{"allow":["GET"]}}],"collection":[{"href":"https:\/\/www.pcnen.com\/portal\/wp-json\/wp\/v2\/posts"}],"about":[{"href":"https:\/\/www.pcnen.com\/portal\/wp-json\/wp\/v2\/types\/post"}],"author":[{"embeddable":true,"href":"https:\/\/www.pcnen.com\/portal\/wp-json\/wp\/v2\/users\/12"}],"replies":[{"embeddable":true,"href":"https:\/\/www.pcnen.com\/portal\/wp-json\/wp\/v2\/comments?post=352727"}],"version-history":[{"count":5,"href":"https:\/\/www.pcnen.com\/portal\/wp-json\/wp\/v2\/posts\/352727\/revisions"}],"predecessor-version":[{"id":352739,"href":"https:\/\/www.pcnen.com\/portal\/wp-json\/wp\/v2\/posts\/352727\/revisions\/352739"}],"wp:featuredmedia":[{"embeddable":true,"href":"https:\/\/www.pcnen.com\/portal\/wp-json\/wp\/v2\/media\/286086"}],"wp:attachment":[{"href":"https:\/\/www.pcnen.com\/portal\/wp-json\/wp\/v2\/media?parent=352727"}],"wp:term":[{"taxonomy":"category","embeddable":true,"href":"https:\/\/www.pcnen.com\/portal\/wp-json\/wp\/v2\/categories?post=352727"},{"taxonomy":"post_tag","embeddable":true,"href":"https:\/\/www.pcnen.com\/portal\/wp-json\/wp\/v2\/tags?post=352727"}],"curies":[{"name":"wp","href":"https:\/\/api.w.org\/{rel}","templated":true}]}}