{"id":352712,"date":"2022-08-15T13:52:49","date_gmt":"2022-08-15T11:52:49","guid":{"rendered":"https:\/\/www.pcnen.com\/portal\/?p=352712"},"modified":"2022-08-15T13:52:49","modified_gmt":"2022-08-15T11:52:49","slug":"abazovic-vlada-saglasna-da-epcg-pregovara-o-preuzimanju-zeljezare","status":"publish","type":"post","link":"https:\/\/www.pcnen.com\/portal\/2022\/08\/15\/abazovic-vlada-saglasna-da-epcg-pregovara-o-preuzimanju-zeljezare\/","title":{"rendered":"Abazovi\u0107: Vlada saglasna da EPCG pregovara o preuzimanju \u017deljezare\u00a0\u00a0\u00a0\u00a0\u00a0\u00a0\u00a0\u00a0\u00a0"},"content":{"rendered":"<p>&#8220;Vlada iskazuje posve\u0107enost da se problem rije\u0161i na najbolji na\u010din i, \u0161to se nas ti\u010de, Elektroprivreda ima zeleno svjetlo da otpo\u010dne razgovore sa turskom kompanijom o preuzimanju \u017deljezare. Iznijet je biznis plan koji je, po meni, realan i ne\u0161to \u0161to bi moglo da se izvede u narednom periodu&#8221;, rekao je Abazovi\u0107 novinarima nakon sastanka sa predsjednikom Odbora direktora EPCG Milutinom \u0110ukanovi\u0107em i predsjednikom Op\u0161tine Nik\u0161i\u0107 Markom Kova\u010devi\u0107em, prenosi portal Vijesti.<\/p>\n<p>Na sastanku je bio i ministar finansija Aleksandar Damjanovi\u0107.<\/p>\n<p>Ideja da EPCG preuzme \u017deljezaru potekla je od predsjednika op\u0161tine Nik\u0161i\u0107 Marka Kova\u010devi\u0107a.<\/p>\n<p>Pregovori nik\u0161i\u0107kog biznismena Dake Davidovi\u0107a sa turskom kompanijom koja je aktuelni vlasnik fabrike nijesu urodili plodom.<\/p>\n<p><a href=\"https:\/\/www.pcnen.com\/portal\/?s=%C5%BEeljezar\" target=\"_blank\" rel=\"noopener\">VEZANE VIJESTI<\/a><\/p>\n","protected":false},"excerpt":{"rendered":"<p>Crnogorski premijer Dritan Abazovi\u0107 je izjavio da Elektroprivreda Crne Gore ima zeleno svjetlo da otpo\u010dne razgovore sa turskom kompanijom Tosjali o preuzimanju \u017deljezare.<\/p>\n","protected":false},"author":1,"featured_media":316006,"comment_status":"open","ping_status":"closed","sticky":false,"template":"","format":"standard","meta":{"_seopress_robots_primary_cat":"","_seopress_titles_title":"","_seopress_titles_desc":"","_seopress_robots_index":"","_et_pb_use_builder":"","_et_pb_old_content":"","_et_gb_content_width":"","inline_featured_image":false,"footnotes":""},"categories":[14],"tags":[2293],"class_list":["post-352712","post","type-post","status-publish","format-standard","has-post-thumbnail","hentry","category-vijesti","tag-niksicka-zeljezara"],"_links":{"self":[{"href":"https:\/\/www.pcnen.com\/portal\/wp-json\/wp\/v2\/posts\/352712","targetHints":{"allow":["GET"]}}],"collection":[{"href":"https:\/\/www.pcnen.com\/portal\/wp-json\/wp\/v2\/posts"}],"about":[{"href":"https:\/\/www.pcnen.com\/portal\/wp-json\/wp\/v2\/types\/post"}],"author":[{"embeddable":true,"href":"https:\/\/www.pcnen.com\/portal\/wp-json\/wp\/v2\/users\/1"}],"replies":[{"embeddable":true,"href":"https:\/\/www.pcnen.com\/portal\/wp-json\/wp\/v2\/comments?post=352712"}],"version-history":[{"count":1,"href":"https:\/\/www.pcnen.com\/portal\/wp-json\/wp\/v2\/posts\/352712\/revisions"}],"predecessor-version":[{"id":352713,"href":"https:\/\/www.pcnen.com\/portal\/wp-json\/wp\/v2\/posts\/352712\/revisions\/352713"}],"wp:featuredmedia":[{"embeddable":true,"href":"https:\/\/www.pcnen.com\/portal\/wp-json\/wp\/v2\/media\/316006"}],"wp:attachment":[{"href":"https:\/\/www.pcnen.com\/portal\/wp-json\/wp\/v2\/media?parent=352712"}],"wp:term":[{"taxonomy":"category","embeddable":true,"href":"https:\/\/www.pcnen.com\/portal\/wp-json\/wp\/v2\/categories?post=352712"},{"taxonomy":"post_tag","embeddable":true,"href":"https:\/\/www.pcnen.com\/portal\/wp-json\/wp\/v2\/tags?post=352712"}],"curies":[{"name":"wp","href":"https:\/\/api.w.org\/{rel}","templated":true}]}}