{"id":352662,"date":"2022-08-14T21:20:51","date_gmt":"2022-08-14T19:20:51","guid":{"rendered":"https:\/\/www.pcnen.com\/portal\/?p=352662"},"modified":"2022-08-14T21:20:51","modified_gmt":"2022-08-14T19:20:51","slug":"vucic-pisao-dukanovicu-preko-persona-non-grata-bozovica","status":"publish","type":"post","link":"https:\/\/www.pcnen.com\/portal\/2022\/08\/14\/vucic-pisao-dukanovicu-preko-persona-non-grata-bozovica\/","title":{"rendered":"Vu\u010di\u0107 pisao \u0110ukanovi\u0107u preko \u2018persona non grata\u2019 Bo\u017eovi\u0107a"},"content":{"rendered":"<p>\u201cPodsje\u0107amo javnost Crne Gore da je Vladimir Bo\u017eovi\u0107 odlukom Vlade Crne Gore u novembru 2020. progla\u0161en personom non grata. Dana\u0161nji potez predstavlja jo\u0161 jedan \u010din nepo\u0161tovanja institucija Crne Gore. Neprihvatljivo je da i tragi\u010dan doga\u0111aj na Cetinju Vladimir Bo\u017eovi\u0107 koristi da nastavlja sa svojom praksom la\u017enog predstavljanja i kr\u0161enja me\u0111unarodnih konvencija\u201d, <a href=\"https:\/\/www.predsjednik.me\/view_page.php?id=2108\" target=\"_blank\" rel=\"noopener\">re\u010deno je u saop\u0161tenju.<\/a><\/p>\n<p>Kabinet predsjednika Crne Gore je najavio da \u0107e \u201czatra\u017eiti odre\u0111ena postupanja od strane Ministarstva vanjskih poslova i Ministarstva unutra\u0161njih poslova, uklju\u010duju\u0107i zabranu ulaska i napu\u0161tanje teritorije Crne Gore od strane V. Bo\u017eovi\u0107a\u201d.<\/p>\n","protected":false},"excerpt":{"rendered":"<p>Kabinet predsjednika Crne Gore Mila \u0110ukanovi\u0107a je saop\u0161tio da je danas na adresu kabineta dostavljeno pismo predsjednika Srbije Aleksandra Vu\u010di\u0107a upu\u0107eno predsjedniku \u0110ukanovi\u0107u povodom tragedije na Cetinju, a pismo je \u201cupu\u0107eno sa zvani\u010dne e-mail adrese Vladimira Bo\u017eovi\u0107a koji se predstavio kao ambasador Republike Srbije u Crnoj Gori\u201d.<\/p>\n","protected":false},"author":1,"featured_media":0,"comment_status":"open","ping_status":"closed","sticky":false,"template":"","format":"standard","meta":{"_seopress_robots_primary_cat":"","_seopress_titles_title":"","_seopress_titles_desc":"","_seopress_robots_index":"","_et_pb_use_builder":"","_et_pb_old_content":"","_et_gb_content_width":"","inline_featured_image":false,"footnotes":""},"categories":[14],"tags":[],"class_list":["post-352662","post","type-post","status-publish","format-standard","hentry","category-vijesti"],"_links":{"self":[{"href":"https:\/\/www.pcnen.com\/portal\/wp-json\/wp\/v2\/posts\/352662","targetHints":{"allow":["GET"]}}],"collection":[{"href":"https:\/\/www.pcnen.com\/portal\/wp-json\/wp\/v2\/posts"}],"about":[{"href":"https:\/\/www.pcnen.com\/portal\/wp-json\/wp\/v2\/types\/post"}],"author":[{"embeddable":true,"href":"https:\/\/www.pcnen.com\/portal\/wp-json\/wp\/v2\/users\/1"}],"replies":[{"embeddable":true,"href":"https:\/\/www.pcnen.com\/portal\/wp-json\/wp\/v2\/comments?post=352662"}],"version-history":[{"count":1,"href":"https:\/\/www.pcnen.com\/portal\/wp-json\/wp\/v2\/posts\/352662\/revisions"}],"predecessor-version":[{"id":352663,"href":"https:\/\/www.pcnen.com\/portal\/wp-json\/wp\/v2\/posts\/352662\/revisions\/352663"}],"wp:attachment":[{"href":"https:\/\/www.pcnen.com\/portal\/wp-json\/wp\/v2\/media?parent=352662"}],"wp:term":[{"taxonomy":"category","embeddable":true,"href":"https:\/\/www.pcnen.com\/portal\/wp-json\/wp\/v2\/categories?post=352662"},{"taxonomy":"post_tag","embeddable":true,"href":"https:\/\/www.pcnen.com\/portal\/wp-json\/wp\/v2\/tags?post=352662"}],"curies":[{"name":"wp","href":"https:\/\/api.w.org\/{rel}","templated":true}]}}