{"id":352647,"date":"2022-08-14T17:13:09","date_gmt":"2022-08-14T15:13:09","guid":{"rendered":"https:\/\/www.pcnen.com\/portal\/?p=352647"},"modified":"2022-08-14T17:15:18","modified_gmt":"2022-08-14T15:15:18","slug":"porfirije-ipak-danas-stigao-u-cg","status":"publish","type":"post","link":"https:\/\/www.pcnen.com\/portal\/2022\/08\/14\/porfirije-ipak-danas-stigao-u-cg\/","title":{"rendered":"Porfirije ipak danas stigao u CG"},"content":{"rendered":"<p>Portal podsje\u0107a da je za danas najavljeni dolazak patrijarha Porfirija u Herceg Novi, povodom 640 godina grada, odgo\u0111en zbog zvani\u010dne trodnevne \u017ealosti i saosje\u0107anja sa o\u017ealo\u0161\u0107enima, povodom tragi\u010dnog doga\u0111aja na Cetinju.<\/p>\n<blockquote class=\"wp-embedded-content\" data-secret=\"fUQbkYKqYR\"><p><a href=\"https:\/\/www.pcnen.com\/portal\/2022\/08\/13\/odgodena-porfirijeva-posjeta-herceg-novom\/\">Odgo\u0111ena Porfirijeva posjeta Herceg Novom<\/a><\/p><\/blockquote>\n<p><iframe loading=\"lazy\" class=\"wp-embedded-content\" sandbox=\"allow-scripts\" security=\"restricted\" style=\"position: absolute; clip: rect(1px, 1px, 1px, 1px);\" title=\"&#8220;Odgo\u0111ena Porfirijeva posjeta Herceg Novom&#8221; &#8212; PCNEN\" src=\"https:\/\/www.pcnen.com\/portal\/2022\/08\/13\/odgodena-porfirijeva-posjeta-herceg-novom\/embed\/#?secret=NRoWGj2WbX#?secret=fUQbkYKqYR\" data-secret=\"fUQbkYKqYR\" width=\"600\" height=\"338\" frameborder=\"0\" marginwidth=\"0\" marginheight=\"0\" scrolling=\"no\"><\/iframe><\/p>\n","protected":false},"excerpt":{"rendered":"<p>Patrijarh Srpske pravoslavne crkve (SPC) Porfirije prisustvovao je danas svetoj Liturgiji u manastiru Savina, prenio je portal Svetigora.<\/p>\n","protected":false},"author":1,"featured_media":351792,"comment_status":"open","ping_status":"closed","sticky":false,"template":"","format":"standard","meta":{"_seopress_robots_primary_cat":"","_seopress_titles_title":"","_seopress_titles_desc":"","_seopress_robots_index":"","_et_pb_use_builder":"","_et_pb_old_content":"","_et_gb_content_width":"","inline_featured_image":false,"footnotes":""},"categories":[14],"tags":[],"class_list":["post-352647","post","type-post","status-publish","format-standard","has-post-thumbnail","hentry","category-vijesti"],"_links":{"self":[{"href":"https:\/\/www.pcnen.com\/portal\/wp-json\/wp\/v2\/posts\/352647","targetHints":{"allow":["GET"]}}],"collection":[{"href":"https:\/\/www.pcnen.com\/portal\/wp-json\/wp\/v2\/posts"}],"about":[{"href":"https:\/\/www.pcnen.com\/portal\/wp-json\/wp\/v2\/types\/post"}],"author":[{"embeddable":true,"href":"https:\/\/www.pcnen.com\/portal\/wp-json\/wp\/v2\/users\/1"}],"replies":[{"embeddable":true,"href":"https:\/\/www.pcnen.com\/portal\/wp-json\/wp\/v2\/comments?post=352647"}],"version-history":[{"count":3,"href":"https:\/\/www.pcnen.com\/portal\/wp-json\/wp\/v2\/posts\/352647\/revisions"}],"predecessor-version":[{"id":352650,"href":"https:\/\/www.pcnen.com\/portal\/wp-json\/wp\/v2\/posts\/352647\/revisions\/352650"}],"wp:featuredmedia":[{"embeddable":true,"href":"https:\/\/www.pcnen.com\/portal\/wp-json\/wp\/v2\/media\/351792"}],"wp:attachment":[{"href":"https:\/\/www.pcnen.com\/portal\/wp-json\/wp\/v2\/media?parent=352647"}],"wp:term":[{"taxonomy":"category","embeddable":true,"href":"https:\/\/www.pcnen.com\/portal\/wp-json\/wp\/v2\/categories?post=352647"},{"taxonomy":"post_tag","embeddable":true,"href":"https:\/\/www.pcnen.com\/portal\/wp-json\/wp\/v2\/tags?post=352647"}],"curies":[{"name":"wp","href":"https:\/\/api.w.org\/{rel}","templated":true}]}}