{"id":352544,"date":"2022-08-13T09:31:26","date_gmt":"2022-08-13T07:31:26","guid":{"rendered":"https:\/\/www.pcnen.com\/portal\/?p=352544"},"modified":"2022-08-13T09:31:26","modified_gmt":"2022-08-13T07:31:26","slug":"odgodena-porfirijeva-posjeta-herceg-novom","status":"publish","type":"post","link":"https:\/\/www.pcnen.com\/portal\/2022\/08\/13\/odgodena-porfirijeva-posjeta-herceg-novom\/","title":{"rendered":"Odgo\u0111ena Porfirijeva posjeta Herceg Novom"},"content":{"rendered":"<p>Porfirije je trebalo da posjeti Herceg Novi povodom 640 godina grada.<\/p>\n<p><a href=\"https:\/\/mitropolija.com\/2022\/08\/13\/odlaze-se-posjeta-patrijarha-srpskog-porfirija-herceg-novom\/\">Iz Mitropolije crnogorsko-primorske je saop\u0161teno<\/a> da je odluka donijeta zbog uvo\u0111enja zvani\u010dne trodnevne \u017ealosti i &#8220;saosje\u0107anja sa o\u017ealo\u0161\u0107enima povodom ju\u010dera\u0161njeg tragi\u010dnog doga\u0111aja na Cetinju&#8221;.<\/p>\n<p>Kazali su da \u0107e javnost o detaljima biti blagovremeno obavije\u0161tena.<\/p>\n<blockquote class=\"wp-embedded-content\" data-secret=\"d8BFQMkhXa\"><p><a href=\"https:\/\/www.pcnen.com\/portal\/2022\/08\/02\/patrijarh-u-herceg-novom-14-i-15-avgusta\/\">Patrijarh u Herceg Novom 14. i 15. avgusta<\/a><\/p><\/blockquote>\n<p><iframe loading=\"lazy\" class=\"wp-embedded-content\" sandbox=\"allow-scripts\" security=\"restricted\" style=\"position: absolute; clip: rect(1px, 1px, 1px, 1px);\" title=\"&#8220;Patrijarh u Herceg Novom 14. i 15. avgusta&#8221; &#8212; PCNEN\" src=\"https:\/\/www.pcnen.com\/portal\/2022\/08\/02\/patrijarh-u-herceg-novom-14-i-15-avgusta\/embed\/#?secret=GdQn5SDxL4#?secret=d8BFQMkhXa\" data-secret=\"d8BFQMkhXa\" width=\"600\" height=\"338\" frameborder=\"0\" marginwidth=\"0\" marginheight=\"0\" scrolling=\"no\"><\/iframe><\/p>\n<p>&nbsp;<\/p>\n","protected":false},"excerpt":{"rendered":"<p>Najavljeni dolazak patrijarha Srpske pravoslavne crkve Porfirija u Crnu Goru odgo\u0111en je za 29. i 30. avgust, zbog ju\u010dera\u0161nje tragedije na Cetinju.<\/p>\n","protected":false},"author":1,"featured_media":344324,"comment_status":"open","ping_status":"closed","sticky":false,"template":"","format":"standard","meta":{"_seopress_robots_primary_cat":"","_seopress_titles_title":"","_seopress_titles_desc":"","_seopress_robots_index":"","_et_pb_use_builder":"","_et_pb_old_content":"","_et_gb_content_width":"","inline_featured_image":false,"footnotes":""},"categories":[14],"tags":[],"class_list":["post-352544","post","type-post","status-publish","format-standard","has-post-thumbnail","hentry","category-vijesti"],"_links":{"self":[{"href":"https:\/\/www.pcnen.com\/portal\/wp-json\/wp\/v2\/posts\/352544","targetHints":{"allow":["GET"]}}],"collection":[{"href":"https:\/\/www.pcnen.com\/portal\/wp-json\/wp\/v2\/posts"}],"about":[{"href":"https:\/\/www.pcnen.com\/portal\/wp-json\/wp\/v2\/types\/post"}],"author":[{"embeddable":true,"href":"https:\/\/www.pcnen.com\/portal\/wp-json\/wp\/v2\/users\/1"}],"replies":[{"embeddable":true,"href":"https:\/\/www.pcnen.com\/portal\/wp-json\/wp\/v2\/comments?post=352544"}],"version-history":[{"count":1,"href":"https:\/\/www.pcnen.com\/portal\/wp-json\/wp\/v2\/posts\/352544\/revisions"}],"predecessor-version":[{"id":352545,"href":"https:\/\/www.pcnen.com\/portal\/wp-json\/wp\/v2\/posts\/352544\/revisions\/352545"}],"wp:featuredmedia":[{"embeddable":true,"href":"https:\/\/www.pcnen.com\/portal\/wp-json\/wp\/v2\/media\/344324"}],"wp:attachment":[{"href":"https:\/\/www.pcnen.com\/portal\/wp-json\/wp\/v2\/media?parent=352544"}],"wp:term":[{"taxonomy":"category","embeddable":true,"href":"https:\/\/www.pcnen.com\/portal\/wp-json\/wp\/v2\/categories?post=352544"},{"taxonomy":"post_tag","embeddable":true,"href":"https:\/\/www.pcnen.com\/portal\/wp-json\/wp\/v2\/tags?post=352544"}],"curies":[{"name":"wp","href":"https:\/\/api.w.org\/{rel}","templated":true}]}}