{"id":352501,"date":"2022-08-12T20:24:44","date_gmt":"2022-08-12T18:24:44","guid":{"rendered":"https:\/\/www.pcnen.com\/portal\/?p=352501"},"modified":"2022-08-12T20:24:44","modified_gmt":"2022-08-12T18:24:44","slug":"episkop-nikanor-pozvao-na-upotrebu-oruzja-na-prajdu-prokleo-brnabic-video","status":"publish","type":"post","link":"https:\/\/www.pcnen.com\/portal\/2022\/08\/12\/episkop-nikanor-pozvao-na-upotrebu-oruzja-na-prajdu-prokleo-brnabic-video\/","title":{"rendered":"Episkop Nikanor pozvao na upotrebu oru\u017eja na Prajdu, prokleo Brnabi\u0107 (video)"},"content":{"rendered":"<p>Nikanor je tako\u0111e Anu Brnabi\u0107 nazvao \u201e\u0107erkom i unukom srpskih kolja\u010da\u201c, a pozvao je i sve\u0161tenstvo i narod da se pobune protiv gej parade, tvrde\u0107i da bi on li\u010dno upotrijebio i oru\u017eje.<\/p>\n<p>&#8220;Ho\u0107emo li dozvoliti da slu\u0161amo onu koja je sve oskrnavila u na\u0161oj zemlji, ne\u0107u ni ime da joj spomenem? Onu koja je dozvolila da brat bude otac njenog sina? Ho\u0107emo li to dozvoliti? Ona je niti na\u0161e vere, niti na\u0161eg porekla, ve\u0107 neprijatelj i ona danas da nam propoveda da ne postoje otac i majka. Usta\u0107emo svi protiv toga. Ja \u0107u prvi. I kunem! Prokle\u0107u svakoga ko ovo propoveda. I oru\u017eje bih upotrebio da ga imam&#8221;, rekao je episkop, prenose srbijanski mediji.<\/p>\n<p>U potpunoj suprotnosti sa vjerom koju propovijeda &#8211; umjesto mira, sloge, jedinstva i pra\u0161tanja, \u0161to bi valjda trebalo da budu klju\u010dne poruke hri\u0161\u0107anstva i onih koji ga upra\u017enjavaju, ovaj vladika je dr\u017eao besjedu od koje se o\u010dekuje jasno i nedvosmisleno distanciranje patrijarha.<\/p>\n<p>Vladika Nikanor je svojevremeno sam sebi dodijelio platu od 170 hiljada dinara kao predsjedniku eparhijskog upravnog odbora. Navodno se bavi i poslom davanja kredita i zajmova sa kamatom od 5 odsto, a svojevremeno je maltretirao popove u SPC-u da ga brane kod patrijarha Irnijea.<\/p>\n<p>Vi\u0161i sud u Pan\u010devu je 2016. godine donio prvu presudu za mobing u SPC, u slu\u010daju zlostavljanja nekada\u0161njeg omolji\u010dkog sve\u0161tenika Tomislava \u017divkovi\u0107a od vladike banatskog Nikanora.<\/p>\n<blockquote class=\"twitter-tweet\">\n<p dir=\"ltr\" lang=\"und\">Bam. Zatvor za gospodina. preti oru\u017ejem <a href=\"https:\/\/t.co\/MO4J8B5ozA\">https:\/\/t.co\/MO4J8B5ozA<\/a><\/p>\n<p>\u2014 Ekstremno ljubazan lik (@popvitez) <a href=\"https:\/\/twitter.com\/popvitez\/status\/1558037593559896064?ref_src=twsrc%5Etfw\">August 12, 2022<\/a><\/p><\/blockquote>\n<p><script async src=\"https:\/\/platform.twitter.com\/widgets.js\" charset=\"utf-8\"><\/script><\/p>\n","protected":false},"excerpt":{"rendered":"<p>U javnoj besjedi, episkop banatski Nikanor je prokleo premijerku Anu Brnabi\u0107, ali i sve one koji \u0107e u\u010destvovati na EuroPrajdu u septembru u Beogradu. Izjavio je i da bi &#8220;upotrijebio oru\u017eje&#8221; protiv u\u010desnika Parade ponosa.<\/p>\n","protected":false},"author":1,"featured_media":352502,"comment_status":"open","ping_status":"closed","sticky":false,"template":"","format":"standard","meta":{"_seopress_robots_primary_cat":"","_seopress_titles_title":"","_seopress_titles_desc":"","_seopress_robots_index":"","_et_pb_use_builder":"","_et_pb_old_content":"","_et_gb_content_width":"","inline_featured_image":false,"footnotes":""},"categories":[14],"tags":[],"class_list":["post-352501","post","type-post","status-publish","format-standard","has-post-thumbnail","hentry","category-vijesti"],"_links":{"self":[{"href":"https:\/\/www.pcnen.com\/portal\/wp-json\/wp\/v2\/posts\/352501","targetHints":{"allow":["GET"]}}],"collection":[{"href":"https:\/\/www.pcnen.com\/portal\/wp-json\/wp\/v2\/posts"}],"about":[{"href":"https:\/\/www.pcnen.com\/portal\/wp-json\/wp\/v2\/types\/post"}],"author":[{"embeddable":true,"href":"https:\/\/www.pcnen.com\/portal\/wp-json\/wp\/v2\/users\/1"}],"replies":[{"embeddable":true,"href":"https:\/\/www.pcnen.com\/portal\/wp-json\/wp\/v2\/comments?post=352501"}],"version-history":[{"count":1,"href":"https:\/\/www.pcnen.com\/portal\/wp-json\/wp\/v2\/posts\/352501\/revisions"}],"predecessor-version":[{"id":352503,"href":"https:\/\/www.pcnen.com\/portal\/wp-json\/wp\/v2\/posts\/352501\/revisions\/352503"}],"wp:featuredmedia":[{"embeddable":true,"href":"https:\/\/www.pcnen.com\/portal\/wp-json\/wp\/v2\/media\/352502"}],"wp:attachment":[{"href":"https:\/\/www.pcnen.com\/portal\/wp-json\/wp\/v2\/media?parent=352501"}],"wp:term":[{"taxonomy":"category","embeddable":true,"href":"https:\/\/www.pcnen.com\/portal\/wp-json\/wp\/v2\/categories?post=352501"},{"taxonomy":"post_tag","embeddable":true,"href":"https:\/\/www.pcnen.com\/portal\/wp-json\/wp\/v2\/tags?post=352501"}],"curies":[{"name":"wp","href":"https:\/\/api.w.org\/{rel}","templated":true}]}}