{"id":351973,"date":"2022-08-05T10:09:04","date_gmt":"2022-08-05T08:09:04","guid":{"rendered":"https:\/\/www.pcnen.com\/portal\/?p=351973"},"modified":"2022-08-05T10:23:50","modified_gmt":"2022-08-05T08:23:50","slug":"tea-gorjanc-prelevic-tuzbama-protiv-prljave-kampanje","status":"publish","type":"post","link":"https:\/\/www.pcnen.com\/portal\/2022\/08\/05\/tea-gorjanc-prelevic-tuzbama-protiv-prljave-kampanje\/","title":{"rendered":"Tea Gorjanc Prelevi\u0107 tu\u017ebama protiv prljave kampanje"},"content":{"rendered":"<p>Ona je ju\u010de podnijela tu\u017ebu protiv Informera, prvu u nizu kojima \u0107e braniti integritet HRA i pravo na slobodu izra\u017eavanja u cilju vladavine prava.<\/p>\n<p>Poslovne aktivnosti njenog supruga, koji je u Beogradu sa jo\u0161 sedam lica suvlasnik na gra\u0111evinskoj parceli sa SPC, su zakonite i javne, i o\u010digledno nisu imale nikakav uticaj na djelovanje Tee Gorjanc Prelevi\u0107, koje je bilo i ostalo nesebi\u010dno i nepristrasno. Ostaje gorak utisak da interes SPC brani e\u0161alon kvazi-medija i novinara specijalaca, koji su la\u017eima i omalova\u017eavanjem poku\u0161ali da diskredituju HRA i njenu direktoricu, <a href=\"https:\/\/www.rtnk.me\/me\/dru%C5%A1tvo\/48567\/tu%C5%BDbama-protiv-prljave-kampanje\/\">prenosi RTV Ni\u0161i\u0107.<\/a><\/p>\n<p>&nbsp;<\/p>\n<blockquote class=\"wp-embedded-content\" data-secret=\"w9NuXPo9ur\"><p><a href=\"https:\/\/www.pcnen.com\/portal\/2022\/07\/26\/hra-dostavila-predloge-za-izmjenu-teksta-ugovora-sa-spc\/\">HRA dostavila predloge za izmjenu teksta ugovora sa SPC<\/a><\/p><\/blockquote>\n<p><iframe loading=\"lazy\" class=\"wp-embedded-content\" sandbox=\"allow-scripts\" security=\"restricted\" style=\"position: absolute; clip: rect(1px, 1px, 1px, 1px);\" title=\"&#8220;HRA dostavila predloge za izmjenu teksta ugovora sa SPC&#8221; &#8212; PCNEN\" src=\"https:\/\/www.pcnen.com\/portal\/2022\/07\/26\/hra-dostavila-predloge-za-izmjenu-teksta-ugovora-sa-spc\/embed\/#?secret=d2WBr4pQMx#?secret=w9NuXPo9ur\" data-secret=\"w9NuXPo9ur\" width=\"600\" height=\"338\" frameborder=\"0\" marginwidth=\"0\" marginheight=\"0\" scrolling=\"no\"><\/iframe><\/p>\n","protected":false},"excerpt":{"rendered":"<p>Izvr\u0161na direktorica Akcije za ljudska prava Tea Gorjanc Prelevi\u0107, na\u0161la se na udaru koordinirane i primitivne kampanje bla\u0107enja od strane tabloida Informer u Srbiji i portala u Crnoj Gori IN4S, Press, Borba i Adria, zbog pravne argumentacije koju je HRA uputila Vladi Crne Gore u poku\u0161aju da se ugovor izme\u0111u Crne Gore i Srpske pravoslavne crkve (SPC) uskladi sa pravnim poretkom dr\u017eave (Foto:RTV NK)<\/p>\n","protected":false},"author":1,"featured_media":351974,"comment_status":"open","ping_status":"closed","sticky":false,"template":"","format":"standard","meta":{"_seopress_robots_primary_cat":"","_seopress_titles_title":"","_seopress_titles_desc":"","_seopress_robots_index":"","_et_pb_use_builder":"","_et_pb_old_content":"","_et_gb_content_width":"","inline_featured_image":false,"footnotes":""},"categories":[14],"tags":[],"class_list":["post-351973","post","type-post","status-publish","format-standard","has-post-thumbnail","hentry","category-vijesti"],"_links":{"self":[{"href":"https:\/\/www.pcnen.com\/portal\/wp-json\/wp\/v2\/posts\/351973","targetHints":{"allow":["GET"]}}],"collection":[{"href":"https:\/\/www.pcnen.com\/portal\/wp-json\/wp\/v2\/posts"}],"about":[{"href":"https:\/\/www.pcnen.com\/portal\/wp-json\/wp\/v2\/types\/post"}],"author":[{"embeddable":true,"href":"https:\/\/www.pcnen.com\/portal\/wp-json\/wp\/v2\/users\/1"}],"replies":[{"embeddable":true,"href":"https:\/\/www.pcnen.com\/portal\/wp-json\/wp\/v2\/comments?post=351973"}],"version-history":[{"count":2,"href":"https:\/\/www.pcnen.com\/portal\/wp-json\/wp\/v2\/posts\/351973\/revisions"}],"predecessor-version":[{"id":351978,"href":"https:\/\/www.pcnen.com\/portal\/wp-json\/wp\/v2\/posts\/351973\/revisions\/351978"}],"wp:featuredmedia":[{"embeddable":true,"href":"https:\/\/www.pcnen.com\/portal\/wp-json\/wp\/v2\/media\/351974"}],"wp:attachment":[{"href":"https:\/\/www.pcnen.com\/portal\/wp-json\/wp\/v2\/media?parent=351973"}],"wp:term":[{"taxonomy":"category","embeddable":true,"href":"https:\/\/www.pcnen.com\/portal\/wp-json\/wp\/v2\/categories?post=351973"},{"taxonomy":"post_tag","embeddable":true,"href":"https:\/\/www.pcnen.com\/portal\/wp-json\/wp\/v2\/tags?post=351973"}],"curies":[{"name":"wp","href":"https:\/\/api.w.org\/{rel}","templated":true}]}}