{"id":351894,"date":"2022-08-04T12:22:20","date_gmt":"2022-08-04T10:22:20","guid":{"rendered":"https:\/\/www.pcnen.com\/portal\/?p=351894"},"modified":"2022-08-04T12:56:07","modified_gmt":"2022-08-04T10:56:07","slug":"temeljno-ste-se-posrali-na-sve-nas","status":"publish","type":"post","link":"https:\/\/www.pcnen.com\/portal\/2022\/08\/04\/temeljno-ste-se-posrali-na-sve-nas\/","title":{"rendered":"Temeljno ste se posrali na sve nas"},"content":{"rendered":"<p>Protesti su \u201eOdupri se\u201c. Ujutro u 6.30 sati po\u010dinje nenajavljena akcija \u201eUzbuna\u201c. Sa trga Bo\u017eane Vu\u010dini\u0107 kre\u0107emo sa desetak automobila, pod sirenama i sa megafonima, kru\u017eimo oko Skup\u0161tine i Vlade prave\u0107i zaglu\u0161uju\u0107u buku. Buku protiv op\u0161te plja\u010dke, nepravne dr\u017eave, neslobodnih izbora, partijskog zapo\u0161ljavanja&#8230; Akcija se mora zavr\u0161iti ta\u010dno u 7.05, ka\u017eem im, jer na poslu moram biti najkasnije do 7.10.\u00a0 Samo se \u010deka povod da dobijem otkaz \u2013 tako decenijama. Uspijevam do\u0107i na posao do 7.10 sati. Dobar dio kolega i koleginica, godinama \u2013 i dan danas, dolaze kad ho\u0107e, izlaze kad ho\u0107e.<\/p>\n<p>Trideset sedam godina koliko radim u Fondu PIO, sve radim onako kako bi svako morao: nikada ne kasnim, koristim pauzu kada je vrijeme za nju, posao obavljam uredno i bez gre\u0161ke, nikad nijesam ni\u0161ta ukrao niti dobio stan i sli\u010dno od Fond-a PIO &#8211; kao \u0161to je dobila ogromna ve\u0107ina upo\u0161ljenika. Stalno sam upozoravao, alarmirao, pisao dopise uredno zavedene preko arhive o nepravilnostima u Fondu koji je ovih tridest godina nemilosrdno plja\u010dkan. Zato sam permanentno bio pod posebnom \u201epa\u017enjom\u201c i pritiskom, \u010dekala se prva gre\u0161ka kako bi preduzeli mjere protiv mene ili mi uru\u010dili otkaz.<\/p>\n<p>Istog dana kada je bila akcija \u201eUzbuna\u201c dobijam poziv od strane komandira bezbjednosti CB Podgorica da se javim na razgovor oko detalja organizacije narednog protesta. Odgovaram mu da sam zaposlen i da u radno vrijeme ne mogu iza\u0107i, osim za vrijeme pauze od 11.00 do 11.30, ili poslije radnog vremena. Komandir mi korektno izlazi u susret, zakazuje razgovor u vrijeme pauze. Neposredno nakon toga, u kancelariji mi zvoni telefon, javlja se koleginica a zove sekretarica direktora (koleginica ima svoj lokal, ja svoj).<\/p>\n<ul>\n<li>Je li Omer na posao?<\/li>\n<li>Jeste, evo ga tu, do mene.<\/li>\n<li>Ni\u0161ta, ni\u0161ta, nemoj mu re\u0107i da sam zvala da pitam da li je tu. Rekao mi je direktor da provjerim.<\/li>\n<\/ul>\n<blockquote class=\"wp-embedded-content\" data-secret=\"PfhK31drwH\"><p><a href=\"https:\/\/www.pcnen.com\/portal\/2022\/08\/03\/nova-clanica-uo-fonda-pio-skrivala-da-je-ranko-krivokapic-nezakonito-openzionisan\/\">Nova \u010dlanica UO Fonda PIO skrivala da je Ranko Krivokapi\u0107 nezakonito penzionisan<\/a><\/p><\/blockquote>\n<p><iframe loading=\"lazy\" class=\"wp-embedded-content\" sandbox=\"allow-scripts\" security=\"restricted\" style=\"position: absolute; clip: rect(1px, 1px, 1px, 1px);\" title=\"&#8220;Nova \u010dlanica UO Fonda PIO skrivala da je Ranko Krivokapi\u0107 nezakonito penzionisan&#8221; &#8212; PCNEN\" src=\"https:\/\/www.pcnen.com\/portal\/2022\/08\/03\/nova-clanica-uo-fonda-pio-skrivala-da-je-ranko-krivokapic-nezakonito-openzionisan\/embed\/#?secret=NyDlzmTm6X#?secret=PfhK31drwH\" data-secret=\"PfhK31drwH\" width=\"600\" height=\"338\" frameborder=\"0\" marginwidth=\"0\" marginheight=\"0\" scrolling=\"no\"><\/iframe><\/p>\n<p>Sekretarica nije svjesna da sve \u010dujem, a veoma mi je jasno \u2013 nadam se i vama, za\u0161to direktor provjerava jesam li na radnom mjestu, vjerovatno se pitaju\u0107i kako sve navedeno uspijem sti\u0107i, a ne odsustvovati sa posla.<\/p>\n<p>Postajem odbornik 2014. godine na gra\u0111anskoj listi DF-a, kao partijski neanga\u017eovan gra\u0111anin. Prva je, konstituitivna sjednica. Tra\u017eim izlaznicu sa posla da bih joj mogao prisustvovati, uz prilo\u017eeni dokaz da sam izabran za odbornika. Ne\u0107e da mi daju izlaznicu. Direktor Perovi\u0107 preko pravne slu\u017ebe zahtijeva da poka\u017eem pravni osnov po kome kao odbornik mogu iza\u0107i sa posla da bih prisustvovao sjednici. Zovem skup\u0161tinsku slu\u017ebu i obja\u0161njavam problem. \u017dena koja mi se javila, u nevjerici me pita \u0111e ja to radim, jer im se jo\u0161 nije desilo takav slu\u010daj. Ka\u017eem joj da radim u Fond PIO, na \u0161to mi ona, u jo\u0161 ve\u0107oj nevjerici odgovara, da je pravni osnov isti onaj kao direktoru koji to od mene tra\u017ei (trenutno u istra\u017enom zatvoru), koji je bio obornik u Skup\u0161tini Op\u0161tine Podgorica u prethodnom mandatu, \u010detiri godine! Uz jedvite jade najzad dobijam izlaznicu i na prvoj sjednici podnosim ostavku na odborni\u010dko mjesto.<\/p>\n<p>Onda je do\u0161la \u201epromjena\u201c, koja se najbolje odslikava kroz, od strane Vlade ju\u010de novoizabranog Upravnog odbora Fond-a PIO. Sve goli \u201ekontroverzni biznismen\u201c do \u201ekontroverznog biznismena\u201c. U jednom od prethodnih tekstova sam objasnio \u0161ta podrazumijevam pod pojmom kontroverzni biznismen.<\/p>\n<p>Izabrani su ljudi da upravljaju Fondom PIO, poznati i prepoznati po tome \u0161to su: dobijali one \u010duvene (bespovratne) stanove i kredite \u2013 po nekoliko, kr\u010dmili i upropa\u0161\u0107avali dr\u017eavna preduze\u0107a i imovinu, davali la\u017ene podatke novinarima i u\u010destvovali u nezakonitim radnjama, zapo\u0161ljavali isklju\u010divo partijske kadrove i rodbinu, bili \u010duvari kase \u201enajkontroverznijeg\u201c gradona\u010delnika u istoriji Podgorice&#8230; \u00a0Jednom rije\u010dju, ljudi koji bi, da ima pravde i pravne dr\u017eave, bili tamo \u0111e treba da budu, u dru\u0161tvu biv\u0161eg mi direktora Perovi\u0107a. Na to, potpredsjednik URA-e Konatar pi\u0161e saop\u0161tenje, kako \u0107e sad, poslije potpisivanja temeljnog ugovora, krenuti \u201eruka pravde\u201c, ubrzati se na\u0161 evropski put, pobolj\u0161ati standard&#8230; Ono, bukvalno se temeljno sere po nama, jer je Vlada ove i ovakve \u010dlanove Upravnog odbora izabrala upravo poslije potpisivanja temeljnog ugovora, \u0161alju\u0107i nam jasnu poruku da smo svi mi koji smo trideset i kusur godina \u010dasno i odgovorno obavljali svoje poslove, u stvari samo te\u0161ke budale koje se \u201enijesu sna\u0161le\u201c.<\/p>\n<p>Najzad sam jedno shvatio, da su mi djeca od 11. odnosno 17. godina neupredivo pametnija od mene, iako ih ja tobo\u017ee stalno ne\u0161to savjetujem i u\u010dim. Sa toliko godina oni su shvatili ono \u0161to ja do skoro nijesam, da ovdje nema sre\u0107e, da treba bje\u017eati iz ove proklete zemlje. Sa 11. odnosno 17. godina djeci mi je glavno interesovanje kako i na koji na\u010din, kada postanu punoljetni, mogu da pobjegnu negdje na Zapad, tamo se zaposle i nastave da \u017eive. Shvatio sam odavno &#8211; \u0161to ova lopovska a nesposobna bagra nije, da, koliko god pokrali, ni njihovoj djeci u bespravnoj i opusto\u0161enoj zemlji \u017eivot ne\u0107e biti miran i lagodan, a bogatstvo se, pogotovo u ovakvom ambijentu, istopi u tren, pa \u0107e i oni gledati da pobjegnu iz spr\u017eene i opusto\u0161ene zemlje.<\/p>\n<p>Niko nije abolirao DPS kao nova ve\u0107ina, 42. i 43. vlada.<\/p>\n<p>Sve je isto a i njega ima. Jedina razlika je u tome \u0161to nam svakodnevna sranja njihovih zamjena, onih u koje smo se nadali, te\u017ee padaju, upravo zbog toga \u0161to smo shvatili da je to bila samo la\u017ena nada.<\/p>\n<p><img loading=\"lazy\" decoding=\"async\" class=\"css-9pa8cd aligncenter\" draggable=\"true\" src=\"https:\/\/pbs.twimg.com\/media\/FZQA6WkX0AIYl_H?format=jpg&amp;name=4096x4096\" alt=\"Image\" width=\"873\" height=\"383\" \/><\/p>\n","protected":false},"excerpt":{"rendered":"<p>Pi\u0161e: Omer \u0160ARKI\u0106<\/p>\n","protected":false},"author":12,"featured_media":286086,"comment_status":"open","ping_status":"closed","sticky":false,"template":"","format":"standard","meta":{"_seopress_robots_primary_cat":"","_seopress_titles_title":"","_seopress_titles_desc":"","_seopress_robots_index":"","_et_pb_use_builder":"","_et_pb_old_content":"","_et_gb_content_width":"","inline_featured_image":false,"footnotes":""},"categories":[17],"tags":[1169],"class_list":["post-351894","post","type-post","status-publish","format-standard","has-post-thumbnail","hentry","category-blogovi","tag-omer-sarkic"],"_links":{"self":[{"href":"https:\/\/www.pcnen.com\/portal\/wp-json\/wp\/v2\/posts\/351894","targetHints":{"allow":["GET"]}}],"collection":[{"href":"https:\/\/www.pcnen.com\/portal\/wp-json\/wp\/v2\/posts"}],"about":[{"href":"https:\/\/www.pcnen.com\/portal\/wp-json\/wp\/v2\/types\/post"}],"author":[{"embeddable":true,"href":"https:\/\/www.pcnen.com\/portal\/wp-json\/wp\/v2\/users\/12"}],"replies":[{"embeddable":true,"href":"https:\/\/www.pcnen.com\/portal\/wp-json\/wp\/v2\/comments?post=351894"}],"version-history":[{"count":4,"href":"https:\/\/www.pcnen.com\/portal\/wp-json\/wp\/v2\/posts\/351894\/revisions"}],"predecessor-version":[{"id":351904,"href":"https:\/\/www.pcnen.com\/portal\/wp-json\/wp\/v2\/posts\/351894\/revisions\/351904"}],"wp:featuredmedia":[{"embeddable":true,"href":"https:\/\/www.pcnen.com\/portal\/wp-json\/wp\/v2\/media\/286086"}],"wp:attachment":[{"href":"https:\/\/www.pcnen.com\/portal\/wp-json\/wp\/v2\/media?parent=351894"}],"wp:term":[{"taxonomy":"category","embeddable":true,"href":"https:\/\/www.pcnen.com\/portal\/wp-json\/wp\/v2\/categories?post=351894"},{"taxonomy":"post_tag","embeddable":true,"href":"https:\/\/www.pcnen.com\/portal\/wp-json\/wp\/v2\/tags?post=351894"}],"curies":[{"name":"wp","href":"https:\/\/api.w.org\/{rel}","templated":true}]}}