{"id":351831,"date":"2022-08-03T20:29:30","date_gmt":"2022-08-03T18:29:30","guid":{"rendered":"https:\/\/www.pcnen.com\/portal\/?p=351831"},"modified":"2022-08-03T21:44:43","modified_gmt":"2022-08-03T19:44:43","slug":"nova-clanica-uo-fonda-pio-skrivala-da-je-ranko-krivokapic-nezakonito-openzionisan","status":"publish","type":"post","link":"https:\/\/www.pcnen.com\/portal\/2022\/08\/03\/nova-clanica-uo-fonda-pio-skrivala-da-je-ranko-krivokapic-nezakonito-openzionisan\/","title":{"rendered":"Nova \u010dlanica UO Fonda PIO skrivala da je Ranko Krivokapi\u0107 nezakonito penzionisan"},"content":{"rendered":"<p>Uprava Fonda PIO na \u010delu sa Jadrankom Milo\u0161evi\u0107 je odbijala da pru\u017ei informacije portalu PCNEN o ovom slu\u010daju, a kada su bili pritjerani od strane Agencije za za\u0161titu li\u010dnih podataka i slobodan pristup informacijama upu\u0161tili su se u otvoreno laganje, nije\u010du\u0107i da je Krivokapi\u0107 uop\u0161te penzionisan.<\/p>\n<p>Informacije o nezakonitoj penziji Ranka Krivokapi\u0107a je portal PCNEN dobio tek nakon \u0161to je na \u010delo Fonda PIO do\u0161la nova uprava.<\/p>\n<blockquote class=\"wp-embedded-content\" data-secret=\"QyUJckIgtH\"><p><a href=\"https:\/\/www.pcnen.com\/portal\/2021\/07\/01\/ranko-krivokapic-penzionisan-po-zakonu-cija-je-ustavnost-osporena-prije-cetiri-godine\/\">Ranko Krivokapi\u0107 penzionisan po zakonu \u010dija je ustavnost osporena prije \u010detiri godine<\/a><\/p><\/blockquote>\n<p><iframe loading=\"lazy\" class=\"wp-embedded-content\" sandbox=\"allow-scripts\" security=\"restricted\" style=\"position: absolute; clip: rect(1px, 1px, 1px, 1px);\" title=\"&#8220;Ranko Krivokapi\u0107 penzionisan po zakonu \u010dija je ustavnost osporena prije \u010detiri godine&#8221; &#8212; PCNEN\" src=\"https:\/\/www.pcnen.com\/portal\/2021\/07\/01\/ranko-krivokapic-penzionisan-po-zakonu-cija-je-ustavnost-osporena-prije-cetiri-godine\/embed\/#?secret=gkd8OQtzjw#?secret=QyUJckIgtH\" data-secret=\"QyUJckIgtH\" width=\"600\" height=\"338\" frameborder=\"0\" marginwidth=\"0\" marginheight=\"0\" scrolling=\"no\"><\/iframe><\/p>\n","protected":false},"excerpt":{"rendered":"<p>Jadranka Milo\u0161evi\u0107, koju je Vlada Crne Gore danas imenovala za \u010dlanicu Upravnog odbora Fonda PIO, biv\u0161a je direktorica toga fonda koja je od javnosti skrivala da je biv\u0161i predsjednik Skup\u0161tine Crne Gore a aktuelni crnogorski ministar vanjskih poslova Rako Krivokapi\u0107 nezakonito dobio penziju.<\/p>\n","protected":false},"author":1,"featured_media":351832,"comment_status":"open","ping_status":"closed","sticky":false,"template":"","format":"standard","meta":{"_seopress_robots_primary_cat":"","_seopress_titles_title":"","_seopress_titles_desc":"","_seopress_robots_index":"","_et_pb_use_builder":"","_et_pb_old_content":"","_et_gb_content_width":"","inline_featured_image":false,"footnotes":""},"categories":[14,12],"tags":[1516,2189],"class_list":["post-351831","post","type-post","status-publish","format-standard","has-post-thumbnail","hentry","category-vijesti","category-prica-dana","tag-fond-pio","tag-jadranka-milosevic"],"_links":{"self":[{"href":"https:\/\/www.pcnen.com\/portal\/wp-json\/wp\/v2\/posts\/351831","targetHints":{"allow":["GET"]}}],"collection":[{"href":"https:\/\/www.pcnen.com\/portal\/wp-json\/wp\/v2\/posts"}],"about":[{"href":"https:\/\/www.pcnen.com\/portal\/wp-json\/wp\/v2\/types\/post"}],"author":[{"embeddable":true,"href":"https:\/\/www.pcnen.com\/portal\/wp-json\/wp\/v2\/users\/1"}],"replies":[{"embeddable":true,"href":"https:\/\/www.pcnen.com\/portal\/wp-json\/wp\/v2\/comments?post=351831"}],"version-history":[{"count":4,"href":"https:\/\/www.pcnen.com\/portal\/wp-json\/wp\/v2\/posts\/351831\/revisions"}],"predecessor-version":[{"id":351847,"href":"https:\/\/www.pcnen.com\/portal\/wp-json\/wp\/v2\/posts\/351831\/revisions\/351847"}],"wp:featuredmedia":[{"embeddable":true,"href":"https:\/\/www.pcnen.com\/portal\/wp-json\/wp\/v2\/media\/351832"}],"wp:attachment":[{"href":"https:\/\/www.pcnen.com\/portal\/wp-json\/wp\/v2\/media?parent=351831"}],"wp:term":[{"taxonomy":"category","embeddable":true,"href":"https:\/\/www.pcnen.com\/portal\/wp-json\/wp\/v2\/categories?post=351831"},{"taxonomy":"post_tag","embeddable":true,"href":"https:\/\/www.pcnen.com\/portal\/wp-json\/wp\/v2\/tags?post=351831"}],"curies":[{"name":"wp","href":"https:\/\/api.w.org\/{rel}","templated":true}]}}