{"id":351801,"date":"2022-08-03T14:39:03","date_gmt":"2022-08-03T12:39:03","guid":{"rendered":"https:\/\/www.pcnen.com\/portal\/?p=351801"},"modified":"2022-08-03T14:39:03","modified_gmt":"2022-08-03T12:39:03","slug":"konjevic-o-izjavi-abazovica-i-padanju-glava","status":"publish","type":"post","link":"https:\/\/www.pcnen.com\/portal\/2022\/08\/03\/konjevic-o-izjavi-abazovica-i-padanju-glava\/","title":{"rendered":"Konjevi\u0107 o izjavi Abazovi\u0107a i \u2018padanju glava\u2019"},"content":{"rendered":"<p>Premijer je na dana\u0161njoj sjednici Vlade tokom rasprave sa ministrom vanjskih poslova Rankom Krivokapi\u0107em osvrnuo na neke poruke u vezi navodne prodaje Aerodroma.<\/p>\n<p>\u201cHvala \u0161to ste pomenuli aerodrome na taj na\u010din potvr\u0111ujete iz koje kuhinje dolaze napadi na njega. I samo da poru\u010dim: Recite kolegi koji je odstuan onome \u0161to je rekao da \u0107e prije no \u0161to uradi ne\u0161to \u0161to je ve\u0107 uradio jedan slu\u017ebenik visokopozicionirani u sektoru bezbjednosti pasti mnoge glave, da po\u017euri, jer ako ne padne glava oni \u0107e odgovarati pred zakonom. Poru\u010dite mu on neka nastavi da finansira va\u0161u propagandu, nikakav problem, ali po\u0161to je tu poruku poslao da \u0107e prije toga da padnu glave \u0161to se mene ti\u010de, s obzirom na to da sam prvotargetirani, neka po\u017euri. Jer ako se to ne desi onda \u0107e se desiti suprotno i zavr\u0161i\u0107e tamo \u0111e mu je mjesto. Hvala \u0161to ste se otkrili za aerodrome\u201d,\u00a0 rekao je, pored ostalog, Abazovi\u0107 danas Krivokapi\u0107u.<\/p>\n<p>Konjevi\u0107 je rekao da je \u010duo poruku Abazovi\u0107a.<\/p>\n<p>\u201cPozivam SDT da pozove premijera da objasni ovu izjavu i kontekst moga pominjana. Iznio je uznemiruju\u0107e optu\u017ebe. Koliko govori istinu najbolje opisuje njegova izjava od prije koji dan da je &#8220;dezinformacija&#8221; da \u0107e Ugovor sa SPC biti potpisan danas\u201d, rekao je Konjevi\u0107.<\/p>\n<p><iframe loading=\"lazy\" title=\"YouTube video player\" src=\"https:\/\/www.youtube.com\/embed\/jVk6YD7pmJw\" width=\"560\" height=\"315\" frameborder=\"0\" allowfullscreen=\"allowfullscreen\"><\/iframe><\/p>\n","protected":false},"excerpt":{"rendered":"<p>Ministar odbrane Ra\u0161ko Konjevi\u0107 poru\u010dio je Specijalnom dr\u017eavnom tu\u017eila\u0161tvu da pozove premijera Dritana Abazovi\u0107a kako bi objasnio izjavu sa dana\u0161nje sjednice Vlade, na kojoj je obra\u0107aju\u0107i se ministru vanjskih poslova Ranku Krivokapi\u0107u kazao da prenese &#8220;kolegi koji je odsutan, onome \u0161to je rekao da \u0107e prije no \u0161to uradi ne\u0161to \u0161to je ve\u0107 uradio jedan slu\u017ebenik visokopozicionirani u sektoru bezbjednosti pasti mnoge glave, da po\u017euri, jer ako ne padne glava oni \u0107e odgovarati pred zakonom&#8221;, prenosi AntenaM.<\/p>\n","protected":false},"author":1,"featured_media":0,"comment_status":"open","ping_status":"closed","sticky":false,"template":"","format":"standard","meta":{"_seopress_robots_primary_cat":"","_seopress_titles_title":"","_seopress_titles_desc":"","_seopress_robots_index":"","_et_pb_use_builder":"","_et_pb_old_content":"","_et_gb_content_width":"","inline_featured_image":false,"footnotes":""},"categories":[14],"tags":[],"class_list":["post-351801","post","type-post","status-publish","format-standard","hentry","category-vijesti"],"_links":{"self":[{"href":"https:\/\/www.pcnen.com\/portal\/wp-json\/wp\/v2\/posts\/351801","targetHints":{"allow":["GET"]}}],"collection":[{"href":"https:\/\/www.pcnen.com\/portal\/wp-json\/wp\/v2\/posts"}],"about":[{"href":"https:\/\/www.pcnen.com\/portal\/wp-json\/wp\/v2\/types\/post"}],"author":[{"embeddable":true,"href":"https:\/\/www.pcnen.com\/portal\/wp-json\/wp\/v2\/users\/1"}],"replies":[{"embeddable":true,"href":"https:\/\/www.pcnen.com\/portal\/wp-json\/wp\/v2\/comments?post=351801"}],"version-history":[{"count":1,"href":"https:\/\/www.pcnen.com\/portal\/wp-json\/wp\/v2\/posts\/351801\/revisions"}],"predecessor-version":[{"id":351802,"href":"https:\/\/www.pcnen.com\/portal\/wp-json\/wp\/v2\/posts\/351801\/revisions\/351802"}],"wp:attachment":[{"href":"https:\/\/www.pcnen.com\/portal\/wp-json\/wp\/v2\/media?parent=351801"}],"wp:term":[{"taxonomy":"category","embeddable":true,"href":"https:\/\/www.pcnen.com\/portal\/wp-json\/wp\/v2\/categories?post=351801"},{"taxonomy":"post_tag","embeddable":true,"href":"https:\/\/www.pcnen.com\/portal\/wp-json\/wp\/v2\/tags?post=351801"}],"curies":[{"name":"wp","href":"https:\/\/api.w.org\/{rel}","templated":true}]}}