{"id":351665,"date":"2022-08-02T13:14:17","date_gmt":"2022-08-02T11:14:17","guid":{"rendered":"https:\/\/www.pcnen.com\/portal\/?p=351665"},"modified":"2022-08-02T13:14:17","modified_gmt":"2022-08-02T11:14:17","slug":"patrijarh-u-herceg-novom-14-i-15-avgusta","status":"publish","type":"post","link":"https:\/\/www.pcnen.com\/portal\/2022\/08\/02\/patrijarh-u-herceg-novom-14-i-15-avgusta\/","title":{"rendered":"Patrijarh u Herceg Novom 14. i 15. avgusta"},"content":{"rendered":"<p>Iz Op\u0161tine Herceg Novi saop\u0161teno je da \u0107e u njihovoj i organizaciji Mitropolije crnogorsko-primorske sve\u010dani do\u010dek Porfirija biti uprili\u010den 14. avgusta od 18 sati, na Trgu Hercega Stefana, prenosi Mina.<\/p>\n<p>Nakon toga \u0107e uslijediti Sve\u010dana akademija na Kanli kuli.<\/p>\n<p>Iz Op\u0161tine su naveli da \u0107e na dan slave osniva\u010da grada, 15. avgusta, Porfirije slu\u017eiti Svetu arhijerejsku liturgiju u manastiru Savina od osam sati.<\/p>\n<p>\u201eIstog dana, u ve\u010dernjim satima, bi\u0107e uprili\u010deno otvaranje kulturno-duhovne manifestacije \u201eTrg od \u0107irilice\u201c, u porti sabornog hrama Svetog Spasa na Toploj, sa po\u010detkom u 19 sati i 30 minuta\u201c, ka\u017ee se u saop\u0161tenju.<\/p>\n","protected":false},"excerpt":{"rendered":"<p>Patrijarh Srpske pravoslavne crkve (SPC) Porfirije posjeti\u0107e Herceg Novi 14. i 15. avgusta, povodom 640 godina od osnivanja grada i slave osniva\u010da grada \u2013 Prenosa mo\u0161tiju Svetog arhi\u0111akona Stefana.<\/p>\n","protected":false},"author":1,"featured_media":344324,"comment_status":"open","ping_status":"closed","sticky":false,"template":"","format":"standard","meta":{"_seopress_robots_primary_cat":"","_seopress_titles_title":"","_seopress_titles_desc":"","_seopress_robots_index":"","_et_pb_use_builder":"","_et_pb_old_content":"","_et_gb_content_width":"","inline_featured_image":false,"footnotes":""},"categories":[14],"tags":[],"class_list":["post-351665","post","type-post","status-publish","format-standard","has-post-thumbnail","hentry","category-vijesti"],"_links":{"self":[{"href":"https:\/\/www.pcnen.com\/portal\/wp-json\/wp\/v2\/posts\/351665","targetHints":{"allow":["GET"]}}],"collection":[{"href":"https:\/\/www.pcnen.com\/portal\/wp-json\/wp\/v2\/posts"}],"about":[{"href":"https:\/\/www.pcnen.com\/portal\/wp-json\/wp\/v2\/types\/post"}],"author":[{"embeddable":true,"href":"https:\/\/www.pcnen.com\/portal\/wp-json\/wp\/v2\/users\/1"}],"replies":[{"embeddable":true,"href":"https:\/\/www.pcnen.com\/portal\/wp-json\/wp\/v2\/comments?post=351665"}],"version-history":[{"count":1,"href":"https:\/\/www.pcnen.com\/portal\/wp-json\/wp\/v2\/posts\/351665\/revisions"}],"predecessor-version":[{"id":351667,"href":"https:\/\/www.pcnen.com\/portal\/wp-json\/wp\/v2\/posts\/351665\/revisions\/351667"}],"wp:featuredmedia":[{"embeddable":true,"href":"https:\/\/www.pcnen.com\/portal\/wp-json\/wp\/v2\/media\/344324"}],"wp:attachment":[{"href":"https:\/\/www.pcnen.com\/portal\/wp-json\/wp\/v2\/media?parent=351665"}],"wp:term":[{"taxonomy":"category","embeddable":true,"href":"https:\/\/www.pcnen.com\/portal\/wp-json\/wp\/v2\/categories?post=351665"},{"taxonomy":"post_tag","embeddable":true,"href":"https:\/\/www.pcnen.com\/portal\/wp-json\/wp\/v2\/tags?post=351665"}],"curies":[{"name":"wp","href":"https:\/\/api.w.org\/{rel}","templated":true}]}}