{"id":350866,"date":"2022-07-26T14:41:29","date_gmt":"2022-07-26T12:41:29","guid":{"rendered":"https:\/\/www.pcnen.com\/portal\/?p=350866"},"modified":"2022-07-26T14:49:00","modified_gmt":"2022-07-26T12:49:00","slug":"hra-dostavila-predloge-za-izmjenu-teksta-ugovora-sa-spc","status":"publish","type":"post","link":"https:\/\/www.pcnen.com\/portal\/2022\/07\/26\/hra-dostavila-predloge-za-izmjenu-teksta-ugovora-sa-spc\/","title":{"rendered":"HRA dostavila predloge za izmjenu teksta ugovora sa SPC"},"content":{"rendered":"<p>Kako su naveli &#8220;smatraju da je u cilju za\u0161tite ljudskih prava neophodno izmijeniti odredbe kojima se&#8221;:<\/p>\n<p>\u2663 SPC garantuju javnopravna ovla\u0161\u0107enja;<\/p>\n<p>\u2663 obe\u0107ava da se bezbjednosne mjere u objektima i drugim prostorima u vlasni\u0161tvu SPC ne\u0107e primjenjivati bez saglasnosti crkvenih vlasti;<\/p>\n<p>\u2663ograni\u010dava pravo na obra\u0107anje sudu u postupku dono\u0161enja odluka disciplinske prirode;<\/p>\n<p>\u2663 vjersko obrazovanje predvi\u0111a na druga\u010diji na\u010din od zakona.<\/p>\n<p>&#8220;Pored toga, nema razloga da se ne poprave i ostali pravno-tehni\u010dki propusti i ponavljanje ili parafraziranje prava i obaveza ve\u0107 ure\u0111enih zakonima Crne Gore&#8221;, navodi se u saop\u0161tenju HRA.<\/p>\n<p>Dodaju da &#8220;u cilju pripreme za u\u010de\u0161\u0107e izvr\u0161ne direktorice HRA Tee Gorjanc Prelevi\u0107 u radnoj grupi pravnih stru\u010dnjaka, koja je bila najavljena pro\u0161le nedjelje, HRA je izradila ove predloge uz u\u010de\u0161\u0107e pravnih savjetnika: Tatjane Gogi\u0107, advokata Veselina Radulovi\u0107a i prof. dr Vesne Raki\u0107 Vodineli\u0107&#8221;.<\/p>\n<p>&#8220;Na\u0161i predlozi predstavljaju argumentovani pravni savjet kako da se ugovor uskladi sa pravnim poretkom Crne Gore i ni u kom smislu nisu politi\u010dki motivisani&#8221;, ka\u017eu iz HRA.<\/p>\n<p>Smatraju da je &#8220;Vlada du\u017ena da zaklju\u010duje ugovore uskla\u0111ene s pravnim poretkom, koji ne dovode u zabludu ni SPC, ni gra\u0111ane u \u010dije ime se ugovor zaklju\u010duje&#8221;.<\/p>\n<p>&#8220;Odredbe ugovora koje bi odstupile od va\u017ee\u0107eg pravnog okvira bile bi ni\u0161tave i kao takve ne bi koristile ni dr\u017eavi ni SPC. Prilikom izrade ovog predloga imali smo u vidu i sporazume Crne Gore sa drugim vjerskim zajednicama kao i sporazume SPC sa drugim dr\u017eavama u regionu&#8221;, zaklju\u010duje se u saop\u0161tenju.<\/p>\n<p><a href=\"https:\/\/www.hraction.org\/wp-content\/uploads\/2022\/07\/Pismo_Temeljni-ugovor.pdf\">UGOVOR KOJI PREDLA\u017dE HRA<\/a><\/p>\n<p>&nbsp;<\/p>\n<p>&nbsp;<\/p>\n<blockquote class=\"wp-embedded-content\" data-secret=\"Pjboroj1VR\"><p><a href=\"https:\/\/www.pcnen.com\/portal\/2022\/07\/22\/gorjanc-prelevic-odbila-ucesce-u-radu-strucnog-tima\/\">Gorjanc Prelevi\u0107 odbila u\u010de\u0161\u0107e u radu stru\u010dnog tima<\/a><\/p><\/blockquote>\n<p><iframe loading=\"lazy\" class=\"wp-embedded-content\" sandbox=\"allow-scripts\" security=\"restricted\" style=\"position: absolute; clip: rect(1px, 1px, 1px, 1px);\" title=\"&#8220;Gorjanc Prelevi\u0107 odbila u\u010de\u0161\u0107e u radu stru\u010dnog tima&#8221; &#8212; PCNEN\" src=\"https:\/\/www.pcnen.com\/portal\/2022\/07\/22\/gorjanc-prelevic-odbila-ucesce-u-radu-strucnog-tima\/embed\/#?secret=bTlAVWOcfN#?secret=Pjboroj1VR\" data-secret=\"Pjboroj1VR\" width=\"600\" height=\"338\" frameborder=\"0\" marginwidth=\"0\" marginheight=\"0\" scrolling=\"no\"><\/iframe><\/p>\n","protected":false},"excerpt":{"rendered":"<p>Akcija za ljudska prava (HRA) saop\u0161tila je da je u namjeri da doprinese zaklju\u010divanju ugovora Crne Gore sa Srpskom pravoslavnom crkvom (SPC), koji bi bio uskla\u0111en sa pravnim poretkom Crne Gore, danas dostavila predsjedniku dr\u017eave Milu \u0110ukanovi\u0107u i predsjedniku Vlade Dritanu Abazovi\u0107u konkretne predloge za izmjenu teksta ugovora koji je Vlada usvojila 8. jula 2022.<\/p>\n","protected":false},"author":1,"featured_media":283016,"comment_status":"open","ping_status":"closed","sticky":false,"template":"","format":"standard","meta":{"_seopress_robots_primary_cat":"","_seopress_titles_title":"","_seopress_titles_desc":"","_seopress_robots_index":"","_et_pb_use_builder":"","_et_pb_old_content":"","_et_gb_content_width":"","inline_featured_image":false,"footnotes":""},"categories":[14],"tags":[],"class_list":["post-350866","post","type-post","status-publish","format-standard","has-post-thumbnail","hentry","category-vijesti"],"_links":{"self":[{"href":"https:\/\/www.pcnen.com\/portal\/wp-json\/wp\/v2\/posts\/350866","targetHints":{"allow":["GET"]}}],"collection":[{"href":"https:\/\/www.pcnen.com\/portal\/wp-json\/wp\/v2\/posts"}],"about":[{"href":"https:\/\/www.pcnen.com\/portal\/wp-json\/wp\/v2\/types\/post"}],"author":[{"embeddable":true,"href":"https:\/\/www.pcnen.com\/portal\/wp-json\/wp\/v2\/users\/1"}],"replies":[{"embeddable":true,"href":"https:\/\/www.pcnen.com\/portal\/wp-json\/wp\/v2\/comments?post=350866"}],"version-history":[{"count":4,"href":"https:\/\/www.pcnen.com\/portal\/wp-json\/wp\/v2\/posts\/350866\/revisions"}],"predecessor-version":[{"id":350870,"href":"https:\/\/www.pcnen.com\/portal\/wp-json\/wp\/v2\/posts\/350866\/revisions\/350870"}],"wp:featuredmedia":[{"embeddable":true,"href":"https:\/\/www.pcnen.com\/portal\/wp-json\/wp\/v2\/media\/283016"}],"wp:attachment":[{"href":"https:\/\/www.pcnen.com\/portal\/wp-json\/wp\/v2\/media?parent=350866"}],"wp:term":[{"taxonomy":"category","embeddable":true,"href":"https:\/\/www.pcnen.com\/portal\/wp-json\/wp\/v2\/categories?post=350866"},{"taxonomy":"post_tag","embeddable":true,"href":"https:\/\/www.pcnen.com\/portal\/wp-json\/wp\/v2\/tags?post=350866"}],"curies":[{"name":"wp","href":"https:\/\/api.w.org\/{rel}","templated":true}]}}