{"id":350522,"date":"2022-07-22T13:33:55","date_gmt":"2022-07-22T11:33:55","guid":{"rendered":"https:\/\/www.pcnen.com\/portal\/?p=350522"},"modified":"2022-07-22T14:06:07","modified_gmt":"2022-07-22T12:06:07","slug":"a-sto-cemo-tad-luciferi","status":"publish","type":"post","link":"https:\/\/www.pcnen.com\/portal\/2022\/07\/22\/a-sto-cemo-tad-luciferi\/","title":{"rendered":"A \u0161to \u0107emo tad, luciferi?"},"content":{"rendered":"<p>Najve\u0107i komi\u010dar u na\u0161oj Skup\u0161tini Milan Kne\u017eevi\u0107 je za premijerski sat postavio pitanje predsjedniku vlade \u201eI, \u0161to \u0107emo sad\u201c? Narod je bio odu\u0161evljen tom duhovito\u0161\u0107u narodnog poslanika koji u na\u0161em \u201evisokom zakonodavnom domu\u201c, umjesto dono\u0161enje zakona i rje\u0161avanja miliona nagomilanih problema, u kontinuitetu igra ulogu zabavlja\u010da narodnih masa &#8211; komi\u010dara. Premijer mu je odgovorio u istom stilu \u201eCrna Gora mora biti zdrava\u201c. Tako se pridru\u017eio petpara\u010dkom \u0161ou-u, uni\u017eavaju\u0107i ionako uni\u017eenu Skup\u0161tinu, Vladu i gra\u0111ane koji ih pla\u0107aju, ali se narod urnebesno zabavljao. Na dosko\u010dice \u201e\u0161mekera\u201c Milana nedavno se upecao i ministar odbrane Konjevi\u0107, koji je do skoro izgledao kao jedan od ozbiljnijih poslanika, krenuv\u0161i sa Kne\u017eevi\u0107em u sli\u010dan tip nadgornjavanja preko dru\u0161tvenih mre\u017ea.<\/p>\n<p>U Srbiji se Farma pla\u0107a sms porukama, kod nas iz bud\u017eeta svih gra\u0111ana. Ovi \u0161to tu vrstu zabave pla\u0107aju sms porukama na to imaju pravo i to je njihov li\u010dni izbor. Moj li\u010dni izbor nije bio niti \u0107e biti da finansiram skup\u0161tinsku farmu &#8211; a finansiram je, zahvaljuju\u0107i Kne\u017eevi\u0107u i njemu sli\u010dnim.<\/p>\n<p>Bez poku\u0161aja da budem duhovit kao Kne\u017eevi\u0107 \u2013 jer bi to svakako bio neuspjeli poku\u0161aj, postavio bih\u00a0 par pitanja poslanicima i Vladi, koja mislim da su konkretna i bitna.<\/p>\n<p>Sve gori pa su mi i pitanja takva &#8211; goru\u0107a.<\/p>\n<ul>\n<li>Globalno otopljavanje, klimatski poreme\u0107aji i ekstremne temperature su ne\u0161to \u0161to je evidentno i \u010demu smo svjedoci, de\u0161avaju se u cijelom svijetu, a mi smo i bez tog poreme\u0107aja bili tropsko podru\u010dje. Svake godine izbijaju \u0161umski po\u017eari koji odnose hiljade haktara \u0161uma, sa opasno\u0161\u0107u da stradaju ljudi i naselja. Sredstva za borbu protiv po\u017eara su nam neadekvatna: zastarjela, lo\u0161a, nedovoljna. Nijednog kanadera nemamo, nemamo ni dovoljan broj vatrogasnih vozila i druge savremene opreme. Uz sve to, na \u010delu direktorata za vanredne situacije, vatrogasnih jedinica i drugih specijalizovanih slu\u017ebi, po pravilu postavljamo nestru\u010dne partijske uhljebe a ne profesionalce u svom poslu. Nailazi \u201eLucfer\u201c najtopliji talas ovog ljeta, o\u010dekuju nas nezapam\u0107eno visoke temperature u kontinuitetu od desetak dana. Ako plane \u2013 a postoji realna opasnost da plane kao ikad, \u0161to da radimo, kako &#8211; sa \u010dim i kim da gasimo po\u017eare? Ima li ikakvog dugoro\u010dnog plana za nabavku neophodne opreme za borbu protiv po\u017eara, koji \u0107e, izgledno je, iz godine u godinu biti sve u\u010destaliji? Da ne bude da se za ovih dana zapitamo \u201ea \u0161to \u0107emo sad, stvarno\u201c?<\/li>\n<\/ul>\n<p>Podsjeti\u0107u, pro\u0161le godine sam u tekstu na blogu predlo\u017eio da dr\u017eavice Balkana koje sve imaju isti problem naprave regionalni centar za ga\u0161enje po\u017eara sa kanaderima, koji bi zajedni\u010dki finansiral i odr\u017eavali, koristili po potrebi. Ali, ko sam ja da tako ne\u0161to predla\u017eem?<\/p>\n<ul>\n<li>Svi znamo i vidimo da je turisti\u010dka sezona podbacila, znamo i da nas \u2013 sve da je sezona odli\u010dna, \u010deka te\u0161ka jesen, sa nedostatkom energenata i daljnim rastom cijena gotovo svega, mogu\u0107im nedostatkom osnovnih \u017eivotnih namirnica, elektri\u010dne energije, te\u010dnih i \u010dvrstih goriva. Zbog rata u Ukrajini, energetsku, politi\u010dku i ekonomsku nestabilnost o\u010dekuju i sre\u0111ene zemlje zapadne Evrope, pripremaju se za najgore scenarije. A mi? \u0160to preduzimamo ili \u0161to planiramo preduzeti kako bi makar djelimi\u010dno ubla\u017eili gladnu i te\u0161ku predstoje\u0107u jesen i zimu?<\/li>\n<\/ul>\n<p>Citiranje stihova iz Konstraktine pjesme i ta vrsta \u201eduhovitosti\u201c nam sigurno ne\u0107e pomo\u0107i.<\/p>\n<ul>\n<li>Iz dana u dan broj zara\u017eenih korona virusom rapidno raste. Broj novooboljelih dnevno se kre\u0107e od 500 do \u010dak 900, a opet imamo i smrtnih slu\u010dajeva iako je ovaj talas kao manje opasan. Nikakve mjere na suzbijanje epidemije se ne preduzimaju, vjerovatno zbog turisti\u010dke sezone. A \u0161to \u0107emo ako&#8230;?<\/li>\n<\/ul>\n<p>Crna Gora nije zdrava. Daleko je od ozdravljenja. Da bi krenula tim putem, treba nam promjena svijesti, sistema vrijednosti, morala \u2013 u koji se stalno busamo, promjena politi\u010dkih i parapoliti\u010dkih elita &#8211; prije svega. Postoje\u0107im je glavno zanimanje produbljivanje podjela: vjerskih i\u00a0 nacionalnih. Njihova profesija je stalno gulsanje o ugro\u017eenosti nacije, dr\u017eave, crkve, identiteta, jezika&#8230;, to jest odr\u017eavanja statusa kvo kako bi nas i narednih decenija vodili upravo oni: nesposobni, intelektualno, idejno i stru\u010dno, a prije svega moralno krajnje upitne osobe. Jedini na\u010din da se odr\u017ee na javno-politi\u010dkoj sceni koja im donosi ogromne zarade i privilegije je da da nastave kao do sada, po oprobanoj a uspje\u0161noj matrici. Ko i dalje misli da decenijama nepromijenjeni lideri stranaka, poslanici u po pet, \u0161est ili \u010dak sedam mandata &#8211; su tu zbog na\u0161eg nacionalnog, dr\u017eavnog ili op\u0161teg interesa, zaslu\u017eio je to \u0161to mu djeca jedva \u010dekaju kako da pobjegnu iz zemlje \u2013 ako ve\u0107 nijesu pobjegla. Ovo pi\u0161em zbog onih drugih. A rezultati njihove decenijske borbe za na\u0161e bolje sjutra su vidljivi i mjerljivi. Izmjerite svoj standard i kvalitet \u017eivota, uporedite ga sa\u00a0 standardom i kvalitetom \u017eivota patriota koji se bore za vas, standardom \u010dlanova njihove u\u017ee i \u0161ire porodice \u2013 sve \u0107e vam biti jasno. Kao kada otvorite onaj famozni fri\u017eider. A ako vam ni poslije toga opet nije sve jasno, krivi ste vi a ne oni.<\/p>\n<p>P.S. Sjetite se da su prije samo tri godine gra\u0111ani Crne Gore disali kao jedan, raznih nacija, vjera, politi\u010dkih i ideolo\u0161kih opredjeljenja. Na protestima \u201eOdupri se\u201c okupili su se oko problema koje ti\u0161te sve nas zajedno: neparavna dr\u017eava, korupcija, nepotizam, partijsko zapo\u0161ljavnje, siroma\u0161tvo, nesloboda izbora \u2013 i to nas je ujedinilo. Mr\u017enja je u trenutku nestala. Nesposobne, bezidejne a jedne te iste politi\u010dke elite su osjetile smrtnu opasnot po svoj opstanak od takvog razvoja doga\u0111aja, zato su ponovo generisali politiku mr\u017enje i podjela kao spasonosnu formulu za svoj interesni opstanak.<\/p>\n<p>&nbsp;<\/p>\n","protected":false},"excerpt":{"rendered":"<p>Pi\u0161e: Omer \u0160ARKI\u0106<\/p>\n","protected":false},"author":12,"featured_media":286086,"comment_status":"open","ping_status":"closed","sticky":false,"template":"","format":"standard","meta":{"_seopress_robots_primary_cat":"","_seopress_titles_title":"","_seopress_titles_desc":"","_seopress_robots_index":"","_et_pb_use_builder":"","_et_pb_old_content":"","_et_gb_content_width":"","inline_featured_image":false,"footnotes":""},"categories":[17],"tags":[],"class_list":["post-350522","post","type-post","status-publish","format-standard","has-post-thumbnail","hentry","category-blogovi"],"_links":{"self":[{"href":"https:\/\/www.pcnen.com\/portal\/wp-json\/wp\/v2\/posts\/350522","targetHints":{"allow":["GET"]}}],"collection":[{"href":"https:\/\/www.pcnen.com\/portal\/wp-json\/wp\/v2\/posts"}],"about":[{"href":"https:\/\/www.pcnen.com\/portal\/wp-json\/wp\/v2\/types\/post"}],"author":[{"embeddable":true,"href":"https:\/\/www.pcnen.com\/portal\/wp-json\/wp\/v2\/users\/12"}],"replies":[{"embeddable":true,"href":"https:\/\/www.pcnen.com\/portal\/wp-json\/wp\/v2\/comments?post=350522"}],"version-history":[{"count":3,"href":"https:\/\/www.pcnen.com\/portal\/wp-json\/wp\/v2\/posts\/350522\/revisions"}],"predecessor-version":[{"id":350535,"href":"https:\/\/www.pcnen.com\/portal\/wp-json\/wp\/v2\/posts\/350522\/revisions\/350535"}],"wp:featuredmedia":[{"embeddable":true,"href":"https:\/\/www.pcnen.com\/portal\/wp-json\/wp\/v2\/media\/286086"}],"wp:attachment":[{"href":"https:\/\/www.pcnen.com\/portal\/wp-json\/wp\/v2\/media?parent=350522"}],"wp:term":[{"taxonomy":"category","embeddable":true,"href":"https:\/\/www.pcnen.com\/portal\/wp-json\/wp\/v2\/categories?post=350522"},{"taxonomy":"post_tag","embeddable":true,"href":"https:\/\/www.pcnen.com\/portal\/wp-json\/wp\/v2\/tags?post=350522"}],"curies":[{"name":"wp","href":"https:\/\/api.w.org\/{rel}","templated":true}]}}