{"id":350446,"date":"2022-07-21T12:04:10","date_gmt":"2022-07-21T10:04:10","guid":{"rendered":"https:\/\/www.pcnen.com\/portal\/?p=350446"},"modified":"2022-07-21T12:04:10","modified_gmt":"2022-07-21T10:04:10","slug":"uvredljiva-kampanja-ckm-rome-predstavili-u-odijelima-za-komunalce","status":"publish","type":"post","link":"https:\/\/www.pcnen.com\/portal\/2022\/07\/21\/uvredljiva-kampanja-ckm-rome-predstavili-u-odijelima-za-komunalce\/","title":{"rendered":"Uvredljiva kampanja CKM: Rome predstavili u odijelima za komunalce"},"content":{"rendered":"<p>Na fotografijama koje ilustruju projekat prikazani su mladi ljudi u narodnim no\u0161njama koje su zastupljene u Crnoj Gori, a ono \u0161to je neobi\u010dno, ili \u010dak uvredljivo, je da su Romi me\u0111u svim jelecima, dimijama i zlatnim tokama, obu\u010deni u odijelo radnika komunalnog preduze\u0107a.<\/p>\n<p>Iz CKM-a su u saop\u0161tenju za medije naveli da im je \u017eelja bila da kroz kampanju doprinesu da se kod gra\u0111ana podigne svijest o prevazila\u017eenju me\u0111usobnih podjela koje su duboko pu\u0161tile korijene.<\/p>\n<p>&#8220;Kada su u pitanju podjele na\u0161e dru\u0161tvo je dostiglo vrhunac. One su prisutne na svakom koraku u svim porama dru\u0161tva. Kao zajednica ni\u0161ta ne preduzimamo na njihovom prevazila\u017eenju \u010dak \u0161ta vi\u0161e svakodnevno doprinosimo na \u0161irenju me\u0111usobne mr\u017enje \u0161to nam u krajnjem ne\u0107e donijeti ni\u0161ta dobro.\u00a0 U koliko kao dru\u0161tvo \u017eelimo napredak moramo raditi na prevazila\u017eenju me\u0111usobnih podjela naro\u010dito onih po vjerskoj, nacionalnoj i partiskoj pripadnosti&#8221;, kazali su u CKM-u prikazuju\u0107i svoj projekat.<\/p>\n<p>Iz CKM-a poru\u010dili su da &#8220;ih kritikuju oni koji podr\u017eavaju agresiju Rusije na Ukrajinu&#8221;.<\/p>\n<p>Kako su kazali u reagovanju, &#8220;radi crnogorske javnosti i uva\u017eenih Roma i Egip\u0107ana \u017eelimo da odbacimo kao neosnovane tvrdnje iz teksta novi projekat CKM-a \u2018Svi u no\u0161njama, Romi u odijelima za komunalce\u2018, objavljenog na portalu RTCG&#8221;.<\/p>\n<p>&#8220;Naime, i pored svih napora koje smo danima ulagali nijesmo uspjeli da obezbijedimo romske narodne no\u0161nje kako bi smo ih iskoristili za potrebe kampanje \u2018Crna Gora bez podjela\u2018. Narodna poslovica ka\u017ee \u201codijelo ne \u010dini \u010dovjeka\u201d pa samim tim je va\u017enije da su se Romi i Egip\u0107ani ravnopravno kao ljudi pojavili u kampanji, nego kako su obu\u010deni. Nije postajala ni najmanja namjera od nas kao kreatora kampanje da diskrimini\u0161emo Rome i Egip\u0107ane u odnosu na ostale u\u010desnike kampanje, kao \u0161to se poku\u0161ava predstaviti u zlonamjernim tekstu objavljenim na portalu RTCG. Crnogorska javnost je upoznata da smo jedna od rijetkih organizacija koja je kroz svoje programe pru\u017eala \u0161ansu Romima i Egip\u0107anima da uzmu u\u010de\u015b\u0107e pa samim tim ne stoje tvrdnje dr\u017eavnog portala&#8221;, navodi se u reagovanju.<\/p>\n<p>Kako ka\u017eu, prate\u0107i svakodnevno program RTCG nijesmo primijetili da kroz svoju \u0161emu \u010de\u0161\u0107e prostor dobijaju Romi i Egip\u0107ani zbog \u010dijeg statusa u na\u0161oj kampanju su se jako zabrinuli urednici portala.<\/p>\n<p>&#8220;Ovu priliku koristimo da otvoreno pitamo uredni\u0161tvo dr\u017eavnog portala za\u0161to kao medij svih gra\u0111ana nijesu objavili na\u0161e saop\u0161tenje za najavu kampanje Crna Gora bez podjela&#8221;, pi\u0161e u reagovanju.<\/p>\n<p>Naveli su da je dolaskom udarne pesnice &#8220;Dana&#8221; na \u010delo portala RTCG CKM uskra\u0107en prostor za sva javna ogla\u0161avanja naro\u010dito za ona koja su posve\u0107ena Crnoj Gori. Naveli su da se maliciozno poku\u0161ava osporiti rad CKM-a.<\/p>\n<p>&#8220;Na kraju u na\u0161oj borbi za gra\u0111ansku Crnu Goru sigurno nas ne\u0107e pokolebati oni koji otvoreno podr\u017eavaju agresiju Rusije na Ukrajinu&#8221;, kazali su iz CKM.<\/p>\n","protected":false},"excerpt":{"rendered":"<p>Crnogorska kulturna mre\u017ea pokrenula je novi projekat \u201cCrna Gora bez podjela\u201d.<\/p>\n","protected":false},"author":1,"featured_media":350447,"comment_status":"open","ping_status":"closed","sticky":false,"template":"","format":"standard","meta":{"_seopress_robots_primary_cat":"","_seopress_titles_title":"","_seopress_titles_desc":"","_seopress_robots_index":"","_et_pb_use_builder":"","_et_pb_old_content":"","_et_gb_content_width":"","inline_featured_image":false,"footnotes":""},"categories":[14],"tags":[],"class_list":["post-350446","post","type-post","status-publish","format-standard","has-post-thumbnail","hentry","category-vijesti"],"_links":{"self":[{"href":"https:\/\/www.pcnen.com\/portal\/wp-json\/wp\/v2\/posts\/350446","targetHints":{"allow":["GET"]}}],"collection":[{"href":"https:\/\/www.pcnen.com\/portal\/wp-json\/wp\/v2\/posts"}],"about":[{"href":"https:\/\/www.pcnen.com\/portal\/wp-json\/wp\/v2\/types\/post"}],"author":[{"embeddable":true,"href":"https:\/\/www.pcnen.com\/portal\/wp-json\/wp\/v2\/users\/1"}],"replies":[{"embeddable":true,"href":"https:\/\/www.pcnen.com\/portal\/wp-json\/wp\/v2\/comments?post=350446"}],"version-history":[{"count":1,"href":"https:\/\/www.pcnen.com\/portal\/wp-json\/wp\/v2\/posts\/350446\/revisions"}],"predecessor-version":[{"id":350448,"href":"https:\/\/www.pcnen.com\/portal\/wp-json\/wp\/v2\/posts\/350446\/revisions\/350448"}],"wp:featuredmedia":[{"embeddable":true,"href":"https:\/\/www.pcnen.com\/portal\/wp-json\/wp\/v2\/media\/350447"}],"wp:attachment":[{"href":"https:\/\/www.pcnen.com\/portal\/wp-json\/wp\/v2\/media?parent=350446"}],"wp:term":[{"taxonomy":"category","embeddable":true,"href":"https:\/\/www.pcnen.com\/portal\/wp-json\/wp\/v2\/categories?post=350446"},{"taxonomy":"post_tag","embeddable":true,"href":"https:\/\/www.pcnen.com\/portal\/wp-json\/wp\/v2\/tags?post=350446"}],"curies":[{"name":"wp","href":"https:\/\/api.w.org\/{rel}","templated":true}]}}