{"id":350221,"date":"2022-07-18T12:37:26","date_gmt":"2022-07-18T10:37:26","guid":{"rendered":"https:\/\/www.pcnen.com\/portal\/?p=350221"},"modified":"2022-07-18T12:40:12","modified_gmt":"2022-07-18T10:40:12","slug":"grcka-ulaze-protest-srbiji-zbog-ukrajinskog-aviona-i-naoruzanja-koje-je-nosio","status":"publish","type":"post","link":"https:\/\/www.pcnen.com\/portal\/2022\/07\/18\/grcka-ulaze-protest-srbiji-zbog-ukrajinskog-aviona-i-naoruzanja-koje-je-nosio\/","title":{"rendered":"Gr\u010dka ula\u017ee protest Srbiji zbog ukrajinskog aviona i naoru\u017eanja koje je nosio"},"content":{"rendered":"<p>Ambasador Gr\u010dke u Beogradu uskoro c\u0301e izdati demar\u0161 da je Srbija prethodno trebalo da obavijesti Gr\u010dku o prirodi tereta aviona, rekao je diplomatski izvor za RSE.<\/p>\n<p>Antonov An-12 koji je prevozio 11,5 tona naoru\u017eanja i vojne opreme proizvedenih u Srbiji, uklju\u010dujuc\u0301i minobaca\u010de i granate za obuku, pao je u plamenu, eksplodirav\u0161i pri udaru u polja kukuruza u subotu oko 20 \u010dasova. Poginulo je osam ukrajinskih \u010dlanova posade.<\/p>\n<p>Ranije je pilot prijavio problem sa motorom i dobio je dozvolu za prinudno slijetanje u Kavalu, ali je signal aviona izgubljen ubrzo nakon poziva u 19.42 \u010dasa.<\/p>\n<p>Ministar odbrane Srbije Neboj\u0161a Stefanovic\u0301 izjavio je da je naoru\u017eanje koje je avion prevozio proizvela odbrambena industrija Srbije, da je poletio u subotu u 18.40 \u010dasova iz Ni\u0161a i da je kupac bilo ministarstvo odbrane Banglade\u0161a.<\/p>\n<p>Tu\u017eilac je pokrenuo istragu o nesrec\u0301i, prenosi RSE.<\/p>\n<blockquote class=\"wp-embedded-content\" data-secret=\"5MT9M3ZRm0\"><p><a href=\"https:\/\/www.pcnen.com\/portal\/2022\/07\/17\/u-grckoj-pao-ukrajinski-transportni-avion-sa-opasnim-teretom\/\">U Gr\u010dkoj pao ukrajinski transportni avion sa &#8216;opasnim teretom&#8217;<\/a><\/p><\/blockquote>\n<p><iframe loading=\"lazy\" class=\"wp-embedded-content\" sandbox=\"allow-scripts\" security=\"restricted\" style=\"position: absolute; clip: rect(1px, 1px, 1px, 1px);\" title=\"&#8220;U Gr\u010dkoj pao ukrajinski transportni avion sa &#8216;opasnim teretom&#8217;&#8221; &#8212; PCNEN\" src=\"https:\/\/www.pcnen.com\/portal\/2022\/07\/17\/u-grckoj-pao-ukrajinski-transportni-avion-sa-opasnim-teretom\/embed\/#?secret=OzmB3dcbRB#?secret=5MT9M3ZRm0\" data-secret=\"5MT9M3ZRm0\" width=\"600\" height=\"338\" frameborder=\"0\" marginwidth=\"0\" marginheight=\"0\" scrolling=\"no\"><\/iframe><\/p>\n","protected":false},"excerpt":{"rendered":"<p>Gr\u010dka c\u0301e ulo\u017eiti protest Srbiji zbog toga \u0161to nije blagovremeno obavije\u0161tena o naoru\u017eanju u ukrajinskom avionu koji se u subotu uve\u010de sru\u0161io u blizini grada Kavale, saop\u0161tili su diplomatski izvori, prenosi Radio slobodna Evropa.<\/p>\n","protected":false},"author":1,"featured_media":350136,"comment_status":"open","ping_status":"closed","sticky":false,"template":"","format":"standard","meta":{"_seopress_robots_primary_cat":"","_seopress_titles_title":"","_seopress_titles_desc":"","_seopress_robots_index":"","_et_pb_use_builder":"","_et_pb_old_content":"","_et_gb_content_width":"","inline_featured_image":false,"footnotes":""},"categories":[14],"tags":[],"class_list":["post-350221","post","type-post","status-publish","format-standard","has-post-thumbnail","hentry","category-vijesti"],"_links":{"self":[{"href":"https:\/\/www.pcnen.com\/portal\/wp-json\/wp\/v2\/posts\/350221","targetHints":{"allow":["GET"]}}],"collection":[{"href":"https:\/\/www.pcnen.com\/portal\/wp-json\/wp\/v2\/posts"}],"about":[{"href":"https:\/\/www.pcnen.com\/portal\/wp-json\/wp\/v2\/types\/post"}],"author":[{"embeddable":true,"href":"https:\/\/www.pcnen.com\/portal\/wp-json\/wp\/v2\/users\/1"}],"replies":[{"embeddable":true,"href":"https:\/\/www.pcnen.com\/portal\/wp-json\/wp\/v2\/comments?post=350221"}],"version-history":[{"count":4,"href":"https:\/\/www.pcnen.com\/portal\/wp-json\/wp\/v2\/posts\/350221\/revisions"}],"predecessor-version":[{"id":350225,"href":"https:\/\/www.pcnen.com\/portal\/wp-json\/wp\/v2\/posts\/350221\/revisions\/350225"}],"wp:featuredmedia":[{"embeddable":true,"href":"https:\/\/www.pcnen.com\/portal\/wp-json\/wp\/v2\/media\/350136"}],"wp:attachment":[{"href":"https:\/\/www.pcnen.com\/portal\/wp-json\/wp\/v2\/media?parent=350221"}],"wp:term":[{"taxonomy":"category","embeddable":true,"href":"https:\/\/www.pcnen.com\/portal\/wp-json\/wp\/v2\/categories?post=350221"},{"taxonomy":"post_tag","embeddable":true,"href":"https:\/\/www.pcnen.com\/portal\/wp-json\/wp\/v2\/tags?post=350221"}],"curies":[{"name":"wp","href":"https:\/\/api.w.org\/{rel}","templated":true}]}}