{"id":350175,"date":"2022-07-17T21:46:50","date_gmt":"2022-07-17T19:46:50","guid":{"rendered":"https:\/\/www.pcnen.com\/portal\/?p=350175"},"modified":"2022-07-17T21:46:50","modified_gmt":"2022-07-17T19:46:50","slug":"simon-vizental-hrvatska-da-ponisti-odluku-o-zabrani-posjete-vucica-jasenovcu","status":"publish","type":"post","link":"https:\/\/www.pcnen.com\/portal\/2022\/07\/17\/simon-vizental-hrvatska-da-ponisti-odluku-o-zabrani-posjete-vucica-jasenovcu\/","title":{"rendered":"\u2018Simon Vizental\u2019: Hrvatska da poni\u0161ti odluku o zabrani posjete Vu\u010di\u0107a Jasenovcu"},"content":{"rendered":"<p>Istori\u010dar Holokausta Efraim Zurof, direktor za isto\u010dnoevropske poslove centra &#8220;Simon Vizental&#8221;, uputio je pismo Veseli Mr\u0111en Kora\u0107, hrvatskoj ambasadorki u Izraelu, u kojem ukazuje na potencijalne negativne posljedice odluke da se Vu\u010di\u0107u zabrani posjeta, prenosi Tanjug.<\/p>\n<p>Upozorava da tako &#8220;surova i neshvatljiva mjera&#8221; mo\u017ee samo da pogor\u0161a tenzije izme\u0111u Beograda i Zagreba.<\/p>\n<p>Zurof je u pismu naveo da pretpostavlja da je hrvatska vlada potpuno svjesna \u010dinjenice da su najve\u0107i broj \u017ertava u Jasenovcu \u010dinili Srbi.<\/p>\n<p>&#8220;Zabraniti predsjedniku Srbije da oda po\u0161tu \u017ertvama je surova, neshvatljiva mjera koja samo mo\u017ee da pogor\u0161a tenzije izme\u0111u Srbije i Hrvatske&#8221;, navodi se u pismu Zurofa.<\/p>\n<p>On je zatra\u017eio od hrvatske ambasadorke u Izraelu da preda pismo odgovrnim vlastima u Zagrebu<\/p>\n<p>Pozvao ih je da na\u0111u na\u010din da isprave &#8220;nemudru i nesre\u0107nu odluku&#8221;.<\/p>\n<p>Vu\u010di\u0107 je planirao da danas privatno posjeti Jasenovac i Pakrac, ali hrvatske vlasti nisu mu dozvolile ulazak u zemlju.<\/p>\n<p>Zorana Mihajlovi\u0107, ministar rudarstva i energetike Srbije, otkazala je zvani\u010dnu posjetu Zagrebu zbog odluke Hrvatske da Vu\u010di\u0107u ne dozvoli da privatno posjeti Jasenovac.<\/p>\n<blockquote class=\"wp-embedded-content\" data-secret=\"FiwF619GLw\"><p><a href=\"https:\/\/www.pcnen.com\/portal\/2022\/07\/17\/vucic-planirao-privatnu-posjetu-jasenovcu-hrvtske-vlasti-mu-nece-dati\/\">Vu\u010di\u0107 planirao privatnu posjetu Jasenovcu, hrvtske vlasti mu ne\u0107e dati<\/a><\/p><\/blockquote>\n<p><iframe loading=\"lazy\" class=\"wp-embedded-content\" sandbox=\"allow-scripts\" security=\"restricted\" style=\"position: absolute; clip: rect(1px, 1px, 1px, 1px);\" title=\"&#8220;Vu\u010di\u0107 planirao privatnu posjetu Jasenovcu, hrvtske vlasti mu ne\u0107e dati&#8221; &#8212; PCNEN\" src=\"https:\/\/www.pcnen.com\/portal\/2022\/07\/17\/vucic-planirao-privatnu-posjetu-jasenovcu-hrvtske-vlasti-mu-nece-dati\/embed\/#?secret=OjiIlmn90x#?secret=FiwF619GLw\" data-secret=\"FiwF619GLw\" width=\"600\" height=\"338\" frameborder=\"0\" marginwidth=\"0\" marginheight=\"0\" scrolling=\"no\"><\/iframe><\/p>\n","protected":false},"excerpt":{"rendered":"<p>Centar &#8220;Simon Vizental&#8221; pozvao je danas hrvatsku vladu da poni\u0161ti odluku, kojom je Aleksandru Vu\u010di\u0107u, predsjedniku Srbije, zabranjeno da posjeti koncentracioni logor Jasenovac u Hrvatskoj.<\/p>\n","protected":false},"author":1,"featured_media":195206,"comment_status":"open","ping_status":"closed","sticky":false,"template":"","format":"standard","meta":{"_seopress_robots_primary_cat":"","_seopress_titles_title":"","_seopress_titles_desc":"","_seopress_robots_index":"","_et_pb_use_builder":"","_et_pb_old_content":"","_et_gb_content_width":"","inline_featured_image":false,"footnotes":""},"categories":[14],"tags":[],"class_list":["post-350175","post","type-post","status-publish","format-standard","has-post-thumbnail","hentry","category-vijesti"],"_links":{"self":[{"href":"https:\/\/www.pcnen.com\/portal\/wp-json\/wp\/v2\/posts\/350175","targetHints":{"allow":["GET"]}}],"collection":[{"href":"https:\/\/www.pcnen.com\/portal\/wp-json\/wp\/v2\/posts"}],"about":[{"href":"https:\/\/www.pcnen.com\/portal\/wp-json\/wp\/v2\/types\/post"}],"author":[{"embeddable":true,"href":"https:\/\/www.pcnen.com\/portal\/wp-json\/wp\/v2\/users\/1"}],"replies":[{"embeddable":true,"href":"https:\/\/www.pcnen.com\/portal\/wp-json\/wp\/v2\/comments?post=350175"}],"version-history":[{"count":1,"href":"https:\/\/www.pcnen.com\/portal\/wp-json\/wp\/v2\/posts\/350175\/revisions"}],"predecessor-version":[{"id":350176,"href":"https:\/\/www.pcnen.com\/portal\/wp-json\/wp\/v2\/posts\/350175\/revisions\/350176"}],"wp:featuredmedia":[{"embeddable":true,"href":"https:\/\/www.pcnen.com\/portal\/wp-json\/wp\/v2\/media\/195206"}],"wp:attachment":[{"href":"https:\/\/www.pcnen.com\/portal\/wp-json\/wp\/v2\/media?parent=350175"}],"wp:term":[{"taxonomy":"category","embeddable":true,"href":"https:\/\/www.pcnen.com\/portal\/wp-json\/wp\/v2\/categories?post=350175"},{"taxonomy":"post_tag","embeddable":true,"href":"https:\/\/www.pcnen.com\/portal\/wp-json\/wp\/v2\/tags?post=350175"}],"curies":[{"name":"wp","href":"https:\/\/api.w.org\/{rel}","templated":true}]}}