{"id":350152,"date":"2022-07-17T09:35:41","date_gmt":"2022-07-17T07:35:41","guid":{"rendered":"https:\/\/www.pcnen.com\/portal\/?p=350152"},"modified":"2022-07-17T09:35:41","modified_gmt":"2022-07-17T07:35:41","slug":"vucic-planirao-privatnu-posjetu-jasenovcu-hrvtske-vlasti-mu-nece-dati","status":"publish","type":"post","link":"https:\/\/www.pcnen.com\/portal\/2022\/07\/17\/vucic-planirao-privatnu-posjetu-jasenovcu-hrvtske-vlasti-mu-nece-dati\/","title":{"rendered":"Vu\u010di\u0107 planirao privatnu posjetu Jasenovcu, hrvtske vlasti mu ne\u0107e dati"},"content":{"rendered":"<p>Vu\u010di\u0107 je, prema izvorima Jutarnjeg, kontaktirao predsjednika SDSS Milorada Pupovca i rekao mu da planira privatnu posjetu Jasenovcu. Pupovcu je, navodno, rekao da dolazi u privatnu posjetu Hrvatskoj i ako \u017eeli da mu se mo\u017ee i on pridru\u017eiti, a ako smatra da to treba, da obavijesti i hrvatsku Vladu. Pupovac je, jasno, rekao premijeru Andreju Plenkovi\u0107u da ga je Vu\u010di\u0107 kontaktirao, a u Vladi su ostali konsternirani na\u010dinom na koji je srpski predsjednik planirao napraviti haos u Hrvatskoj.<\/p>\n<p>\u201cNije po\u0161tivao nijedan protokol, sve je htio napraviti mimo procedura i pravila o diplomatskim odnosima. Htio je sa svojim TV ekipama prije\u0107i hrvatsku granicu i ovdje raditi \u0161to \u017eeli. Ali, premijer Plenkovi\u0107 i Vlada jasno su rekli ne. Mi smo samostalna dr\u017eava, \u010dlanica EU i NATO i ne mo\u017ee on ovdje raditi \u0161to \u017eeli. Politika \u2018svesrpskog sveta\u2019 u Hrvatskoj mu ne\u0107e pro\u0107i\u201d, rekao je za<a href=\"https:\/\/www.jutarnji.hr\/vijesti\/hrvatska\/vucic-danas-planirao-privatno-doci-u-jasenovac-i-izazvati-kaos-izvor-iz-vlade-to-mu-nece-proci-15223468\" target=\"_blank\" rel=\"noopener\"> Jutarnji<\/a> neimenovani izvor iz Banskih dvora.<\/p>\n","protected":false},"excerpt":{"rendered":"<p>Predsjednik Srbije Aleksandar Vu\u010di\u0107, kako doznaje zagreba\u010dki Jutarnji list iz izvora bliskih Vladi, je planirao da danas privatno posjeti Jasenovac i Pakrac, ali hrvatske vlasti ne\u0107e mu dopustiti ulazak u zemlju.<\/p>\n","protected":false},"author":1,"featured_media":280827,"comment_status":"open","ping_status":"closed","sticky":false,"template":"","format":"standard","meta":{"_seopress_robots_primary_cat":"","_seopress_titles_title":"","_seopress_titles_desc":"","_seopress_robots_index":"","_et_pb_use_builder":"","_et_pb_old_content":"","_et_gb_content_width":"","inline_featured_image":false,"footnotes":""},"categories":[14],"tags":[],"class_list":["post-350152","post","type-post","status-publish","format-standard","has-post-thumbnail","hentry","category-vijesti"],"_links":{"self":[{"href":"https:\/\/www.pcnen.com\/portal\/wp-json\/wp\/v2\/posts\/350152","targetHints":{"allow":["GET"]}}],"collection":[{"href":"https:\/\/www.pcnen.com\/portal\/wp-json\/wp\/v2\/posts"}],"about":[{"href":"https:\/\/www.pcnen.com\/portal\/wp-json\/wp\/v2\/types\/post"}],"author":[{"embeddable":true,"href":"https:\/\/www.pcnen.com\/portal\/wp-json\/wp\/v2\/users\/1"}],"replies":[{"embeddable":true,"href":"https:\/\/www.pcnen.com\/portal\/wp-json\/wp\/v2\/comments?post=350152"}],"version-history":[{"count":1,"href":"https:\/\/www.pcnen.com\/portal\/wp-json\/wp\/v2\/posts\/350152\/revisions"}],"predecessor-version":[{"id":350153,"href":"https:\/\/www.pcnen.com\/portal\/wp-json\/wp\/v2\/posts\/350152\/revisions\/350153"}],"wp:featuredmedia":[{"embeddable":true,"href":"https:\/\/www.pcnen.com\/portal\/wp-json\/wp\/v2\/media\/280827"}],"wp:attachment":[{"href":"https:\/\/www.pcnen.com\/portal\/wp-json\/wp\/v2\/media?parent=350152"}],"wp:term":[{"taxonomy":"category","embeddable":true,"href":"https:\/\/www.pcnen.com\/portal\/wp-json\/wp\/v2\/categories?post=350152"},{"taxonomy":"post_tag","embeddable":true,"href":"https:\/\/www.pcnen.com\/portal\/wp-json\/wp\/v2\/tags?post=350152"}],"curies":[{"name":"wp","href":"https:\/\/api.w.org\/{rel}","templated":true}]}}