{"id":350052,"date":"2022-07-15T17:13:50","date_gmt":"2022-07-15T15:13:50","guid":{"rendered":"https:\/\/www.pcnen.com\/portal\/?p=350052"},"modified":"2022-07-15T17:13:50","modified_gmt":"2022-07-15T15:13:50","slug":"predstavnicki-dom-kongresa-sad-usvojio-rezoluciju-o-ubistvu-brace-bitici","status":"publish","type":"post","link":"https:\/\/www.pcnen.com\/portal\/2022\/07\/15\/predstavnicki-dom-kongresa-sad-usvojio-rezoluciju-o-ubistvu-brace-bitici\/","title":{"rendered":"Predstavni\u010dki dom Kongresa SAD usvojio Rezoluciju o ubistvu bra\u0107e Biti\u0107i"},"content":{"rendered":"<p>U Rezoluciji koja je Odboru za spoljne poslove predlo\u017eena 29. jula pro\u0161le godine, izra\u017eava se stav Kongresa da &#8220;pojedinci odgovorni za ubistva ameri\u010dkih dr\u017eavljana u Srbiji, Jilija, Agrona i Mehmeta Biti\u0107ija u julu 1999. godine, treba da budu izvedeni pred lice pravde&#8221; i da SAD treba da &#8220;posvete dovoljno resursa da u potpunosti pomognu i nadgledaju napore Srbije da istra\u017ei i krivi\u010dno goni takve osobe&#8221;.<\/p>\n<p>Prema ta\u010dki dva Rezolucije, za osudu je \u0161to nijedan pojedinac nikada nije progla\u0161en krivim za ubistvo bra\u0107e Biti\u0107i, ili za bilo koji drugi zlo\u010din u vezi sa njihovom smr\u0107u, i da se nijedan pojedinac ne suo\u010dava \u010dak ni sa optu\u017ebama za ove zlo\u010dine.<\/p>\n<p>U ta\u010dki tri se navodi da Vlada Srbije, njena nadle\u017ena ministarstva i slu\u017ebe, uklju\u010duju\u0107i i Tu\u017eila\u0161tvo za ratne zlo\u010dine Srbije, treba da daju prioritet istrazi i krivi\u010dnom gonjenju \u0161to je pre mogu\u0107e aktuelnih ili biv\u0161ih zvani\u010dnika, za koje se veruje da su odgovorni za njihovu smrt, direktno ili indirektno.<\/p>\n<p>&#8220;Sjedinjene Ameri\u010dke Dr\u017eave treba da izdvoje dovoljno resursa da u potpunosti pomognu i pravilno prate napore Vlade Srbije, njenih nadle\u017enih ministarstava i kancelarija da \u0161to pre istra\u017ee i krivi\u010dno gone one osobe za koje se veruje da su odgovorne za njihovu smrt, direktno ili indirektno&#8221;, navodi se u \u010detvrtoj ta\u010dki Rezolucije.<\/p>\n<p>U petoj odnosno poslednjoj ta\u010dki, SAD navode da napredak u re\u0161avanju ovog slu\u010daja, ili nedostatak istog, treba da bude va\u017ean faktor koji odre\u0111uje dalji razvoj odnosa izme\u0111u SAD i Srbije.<\/p>\n<p>Ameri\u010dki dr\u017eavljani albanskog porekla Ili (Ylli), Agron i Mehmet Biti\u0107i (Bytyqi) ubijeni su 1999. godine u Srbiji, nakon rata na Kosovu.<\/p>\n<p>Oni su se u sastavu &#8220;Atlantske brigade&#8221; borili na strani Oslobodila\u010dke vojske Kosova (OVK) tokom rata na Kosovu, a uhap\u0161eni su po zavr\u0161etku NATO bombardovanja 1999. godine na granici sa Kosovom zbog ilegalnog prelaska u Srbiju.<\/p>\n<p>Nakon odle\u017eane prekr\u0161ajne kazne od 15 dana pu\u0161teni su iz zatvora, ali ih srpska policija odvodi u bazu Specijalnih antiteroristi\u010dkih jedinica MUP-a Srbije u Petrovom Selu, koja je bila pod komandom Gorana Radosavljevi\u0107a Gurija.<\/p>\n<p>Radosavljevi\u0107 je odbacio bilo kakvu odgovornost za smrt bra\u0107e Biti\u0107i.<\/p>\n<p>Njihova tela, sa vezanim rukama i ranama od ispaljenih metaka na potiljcima, otkrivena su u julu 2001. godine u masovnoj grobnici u Petrovom Selu, u isto\u010dnoj Srbiji, zajedno sa drugim telima kosovskih Albanaca.<\/p>\n<p>Za njihovo ubistvo jo\u0161 nije niko optu\u017een.<\/p>\n<p><a href=\"https:\/\/www.pcnen.com\/portal\/?s=Biti%C4%87i\">VEZANE VIJRSTI<\/a><\/p>\n","protected":false},"excerpt":{"rendered":"<p>Predstavni\u010dki dom Kongresa SAD usvojio je Rezoluciju o slu\u010daju ubistva svojih dr\u017eavljana bra\u0107e Biti\u0107i 1999. godine u Srbiji, objavljeno je na sajtu Kongresa.<\/p>\n","protected":false},"author":1,"featured_media":340005,"comment_status":"open","ping_status":"closed","sticky":false,"template":"","format":"standard","meta":{"_seopress_robots_primary_cat":"","_seopress_titles_title":"","_seopress_titles_desc":"","_seopress_robots_index":"","_et_pb_use_builder":"","_et_pb_old_content":"","_et_gb_content_width":"","inline_featured_image":false,"footnotes":""},"categories":[14],"tags":[],"class_list":["post-350052","post","type-post","status-publish","format-standard","has-post-thumbnail","hentry","category-vijesti"],"_links":{"self":[{"href":"https:\/\/www.pcnen.com\/portal\/wp-json\/wp\/v2\/posts\/350052","targetHints":{"allow":["GET"]}}],"collection":[{"href":"https:\/\/www.pcnen.com\/portal\/wp-json\/wp\/v2\/posts"}],"about":[{"href":"https:\/\/www.pcnen.com\/portal\/wp-json\/wp\/v2\/types\/post"}],"author":[{"embeddable":true,"href":"https:\/\/www.pcnen.com\/portal\/wp-json\/wp\/v2\/users\/1"}],"replies":[{"embeddable":true,"href":"https:\/\/www.pcnen.com\/portal\/wp-json\/wp\/v2\/comments?post=350052"}],"version-history":[{"count":1,"href":"https:\/\/www.pcnen.com\/portal\/wp-json\/wp\/v2\/posts\/350052\/revisions"}],"predecessor-version":[{"id":350053,"href":"https:\/\/www.pcnen.com\/portal\/wp-json\/wp\/v2\/posts\/350052\/revisions\/350053"}],"wp:featuredmedia":[{"embeddable":true,"href":"https:\/\/www.pcnen.com\/portal\/wp-json\/wp\/v2\/media\/340005"}],"wp:attachment":[{"href":"https:\/\/www.pcnen.com\/portal\/wp-json\/wp\/v2\/media?parent=350052"}],"wp:term":[{"taxonomy":"category","embeddable":true,"href":"https:\/\/www.pcnen.com\/portal\/wp-json\/wp\/v2\/categories?post=350052"},{"taxonomy":"post_tag","embeddable":true,"href":"https:\/\/www.pcnen.com\/portal\/wp-json\/wp\/v2\/tags?post=350052"}],"curies":[{"name":"wp","href":"https:\/\/api.w.org\/{rel}","templated":true}]}}