{"id":349596,"date":"2022-07-09T22:31:58","date_gmt":"2022-07-09T20:31:58","guid":{"rendered":"https:\/\/www.pcnen.com\/portal\/?p=349596"},"modified":"2022-07-09T22:31:58","modified_gmt":"2022-07-09T20:31:58","slug":"dzomic-odluka-vlade-cg-o-temeljnom-ugovoru-je-pravno-valjana","status":"publish","type":"post","link":"https:\/\/www.pcnen.com\/portal\/2022\/07\/09\/dzomic-odluka-vlade-cg-o-temeljnom-ugovoru-je-pravno-valjana\/","title":{"rendered":"D\u017eomi\u0107: Odluka Vlade CG o Temeljnom ugovoru je pravno valjana"},"content":{"rendered":"<p>Odluka Vlade Crne Gore o usvajanju Predloga temeljnog ugovora sa Srpskom pravoslavnom crkvom (SPC) je, bez ikakve sumnje, pravno valjana, a i verifikovana je na kraju sjednice, \u0161to je mnogima promaklo, ka\u017ee protojerej-stavrofor Velibor D\u017eomi\u0107 i isti\u010de da SPC sada o\u010dekuje da o donijetoj odluci crnogorska vlada zvani\u010dno obavijesti Sveti arhijerejski sinod i patrijarha srpskog Porfirija.<\/p>\n<p>D\u017eomi\u0107, koji je \u010dlan ekspertskog pravnog tima SPC, u razgovoru za Tanjug ka\u017ee, da SPC ima svoje, a Vlada Crne Gore svoje procedure u ovakvim slu\u010dajevima i da \u0107e nakon \u0161to dobije pomenutu odluku Sinod zvani\u010dno odgovoriti vladi, o \u010demu \u0107e javnost biti obavije\u0161tena.<\/p>\n<p>Kada procedure budu zavr\u0161ene ugovor \u0107e biti zaklju\u010den, a u ime SPC potpisa\u0107e ga patrijarh Porfirije.<\/p>\n<p>Sagovornik Tanjuga je sa \u017ealjenjem konstatovao da u Crnoj Gori postoje odre\u0111ene strukture kojima nije sporan Temeljni ugovor nego im je sporno postojanje Srpske pravoslavne crkve.<\/p>\n<p>&#8220;Ljudski bi bilo da protivnici ugovora upute izvinjenje Srpskoj pravoslavnoj crkvi zbog toga \u0161to su je dok su bili klju\u010dni nosioci vlasti, pored ostalog, deset godina diskriminisali u ovom pogledu&#8221;, isti\u010de D\u017eomi\u0107, koji apsurdnim smatra zahtjeve za nastavak razgovora koji traju deset godina.<\/p>\n<p>Jo\u0161 je apsurdnije, ka\u017ee, da se dalje raspravlja o sadr\u017eaju ugovora koji je u skladu sa pravnim poretkom Crne Gore i koji ni u \u010demu ne odudara od sadr\u017eaja tri ugovora koje je Crna Gora do sada zaklju\u010dila sa jednom crkvom i dve verske zajednice.<\/p>\n<p>Eparhije SPC svuda vr\u0161e svoju duhovnu misiju u skladu sa pravnim sistemima dr\u017eava i tako je, \u0161to se, kako navodi, nas ti\u010de, i u Crnoj Gori.<\/p>\n<blockquote class=\"wp-embedded-content\" data-secret=\"5dN74dFzCy\"><p><a href=\"https:\/\/www.pcnen.com\/portal\/2022\/07\/08\/vlada-usvojila-usaglaseni-tekst-temeljnog-ugovora-sa-spc-video\/\">Vlada usvojila usagla\u0161eni tekst Temeljnog ugovora sa SPC (video)<\/a><\/p><\/blockquote>\n<p><iframe loading=\"lazy\" class=\"wp-embedded-content\" sandbox=\"allow-scripts\" security=\"restricted\" style=\"position: absolute; clip: rect(1px, 1px, 1px, 1px);\" title=\"&#8220;Vlada usvojila usagla\u0161eni tekst Temeljnog ugovora sa SPC (video)&#8221; &#8212; PCNEN\" src=\"https:\/\/www.pcnen.com\/portal\/2022\/07\/08\/vlada-usvojila-usaglaseni-tekst-temeljnog-ugovora-sa-spc-video\/embed\/#?secret=1Qc7hirakD#?secret=5dN74dFzCy\" data-secret=\"5dN74dFzCy\" width=\"600\" height=\"338\" frameborder=\"0\" marginwidth=\"0\" marginheight=\"0\" scrolling=\"no\"><\/iframe><\/p>\n","protected":false},"excerpt":{"rendered":"<p>Eparhije SPC svuda vr\u0161e svoju duhovnu misiju u skladu sa pravnim sistemima dr\u017eava i tako je, \u0161to se, kako navodi, nas ti\u010de, i u Crnoj Gori.<\/p>\n","protected":false},"author":1,"featured_media":284288,"comment_status":"open","ping_status":"closed","sticky":false,"template":"","format":"standard","meta":{"_seopress_robots_primary_cat":"","_seopress_titles_title":"","_seopress_titles_desc":"","_seopress_robots_index":"","_et_pb_use_builder":"","_et_pb_old_content":"","_et_gb_content_width":"","inline_featured_image":false,"footnotes":""},"categories":[14],"tags":[],"class_list":["post-349596","post","type-post","status-publish","format-standard","has-post-thumbnail","hentry","category-vijesti"],"_links":{"self":[{"href":"https:\/\/www.pcnen.com\/portal\/wp-json\/wp\/v2\/posts\/349596","targetHints":{"allow":["GET"]}}],"collection":[{"href":"https:\/\/www.pcnen.com\/portal\/wp-json\/wp\/v2\/posts"}],"about":[{"href":"https:\/\/www.pcnen.com\/portal\/wp-json\/wp\/v2\/types\/post"}],"author":[{"embeddable":true,"href":"https:\/\/www.pcnen.com\/portal\/wp-json\/wp\/v2\/users\/1"}],"replies":[{"embeddable":true,"href":"https:\/\/www.pcnen.com\/portal\/wp-json\/wp\/v2\/comments?post=349596"}],"version-history":[{"count":1,"href":"https:\/\/www.pcnen.com\/portal\/wp-json\/wp\/v2\/posts\/349596\/revisions"}],"predecessor-version":[{"id":349597,"href":"https:\/\/www.pcnen.com\/portal\/wp-json\/wp\/v2\/posts\/349596\/revisions\/349597"}],"wp:featuredmedia":[{"embeddable":true,"href":"https:\/\/www.pcnen.com\/portal\/wp-json\/wp\/v2\/media\/284288"}],"wp:attachment":[{"href":"https:\/\/www.pcnen.com\/portal\/wp-json\/wp\/v2\/media?parent=349596"}],"wp:term":[{"taxonomy":"category","embeddable":true,"href":"https:\/\/www.pcnen.com\/portal\/wp-json\/wp\/v2\/categories?post=349596"},{"taxonomy":"post_tag","embeddable":true,"href":"https:\/\/www.pcnen.com\/portal\/wp-json\/wp\/v2\/tags?post=349596"}],"curies":[{"name":"wp","href":"https:\/\/api.w.org\/{rel}","templated":true}]}}