{"id":349354,"date":"2022-07-07T12:36:48","date_gmt":"2022-07-07T10:36:48","guid":{"rendered":"https:\/\/www.pcnen.com\/portal\/?p=349354"},"modified":"2022-07-07T12:47:40","modified_gmt":"2022-07-07T10:47:40","slug":"cetinje-cetinje-kad-me-vidis","status":"publish","type":"post","link":"https:\/\/www.pcnen.com\/portal\/2022\/07\/07\/cetinje-cetinje-kad-me-vidis\/","title":{"rendered":"Cetinje, Cetinje, kad me vidi\u0161 &#8230;"},"content":{"rendered":"<blockquote><p><strong>Pi\u0161e: Omer \u0160ARKI\u0106<\/strong><\/p><\/blockquote>\n<p>Prije par dana, ta\u010dnije 29.06.2022. godine sam pobjegao od nesnosnih podgori\u010dkih vru\u0107ina na Cetinje \u2013 za \u0111avola ga pobjegao. Oko 19.30 sati sam stigao, uredno, kao \u0161to to uvijek \u010dinim, parkirao automobil na uo\u010deno, obilje\u017eeno, slobodno parking mjesto. Parkirati automobil na za to predvi\u0111eno mjesto je, za mene, pored ostalog, stvar li\u010dne kulture a ne samo strah od sankcija. \u010cetrdeset godina sam voza\u010d, nikada nijesam ka\u017enjen zbog prekr\u0161aja u saobra\u0107aju. Istina, par puta sam i\u0161ao na sud smatraju\u0107i da prekr\u0161aj nijesam napravio \u2013 i uspio dokazati da sam bio u pravu.<\/p>\n<p>Oko 23.30 sati, poslije ugodno provedene no\u0107i: \u0161etnje, popijenih sokova, kafa, pojedenog sladoleda, najzad prirodno rashla\u0111en, sve uz izuzetan, opojan miris lipa, \u00a0do\u0161av\u0161i do automobila sa namjerom da se vratim u Podgoricu, na vjetrobranskom staklu sam uo\u010dio zaka\u010denu bilje\u0161ku kojom se obavje\u0161tavam da sam automobil parkirao na nepropisno mjesto \u2013 slu\u017ebeni parking Op\u0161tine Cetinje. Tek tada sam uo\u010dio saobra\u0107ajni znak koji doista upozorava da je zabranjeno parkiranje za \u201eneslu\u017ebena vozila\u201c. Me\u0111utim, i da sam ga uo\u010dio na vrijeme, prije bih ga protuma\u010dio kao zabranu parkiranja unutar dvori\u0161ta zgrade, ali to je manje bitno.<\/p>\n<p>Ju\u010de mi je stiglo obavje\u0161tenje na ku\u0107nu adresu, od Komunalne policije Cetinje, sa prekr\u0161ajnim nalogom, slabo vidljivim i apsolutno ne\u010ditkim <em>(vidi fotokopiju)<\/em>. Vidljivo i \u010ditko su mi odredili globu od 60.00 eura, zbog, valjda, te\u017eeg \u00a0ugro\u017eavanja bezbjednosti saobra\u0107aja!? Samo tako mogu objasniti tako visoku kaznu, uredno parkiranog automobila: ne na zelenoj povr\u0161ini, ne da ometa saobra\u0107aj ili pje\u0161ake, ve\u0107 parkiranog na parkingu, samo \u0161to je to parking za slu\u017ebene automobile, \u00a0kojih Crna Gora ima 4500, o \u010demu sam pisao u tekstu \u201eMajba\u0161i\u201c (<a href=\"https:\/\/www.pcnen.com\/portal\/2021\/02\/09\/majbasi\/\">https:\/\/www.pcnen.com\/portal\/2021\/02\/09\/majbasi\/<\/a>)<\/p>\n<p>Imam 37 godina radnog sta\u017ea kao dr\u017eavni slu\u017ebenik. Zbog navedenog \u201eprekr\u0161aja\u201c, Komunalna policija Cetinja je odlu\u010dila da mi \u2013 sve po zakonu \u2013 sve se pozivaju\u0107i na paragrafe, odre\u017ee kaznu u visini moje dvije\u00a0 i po dnevnice! Uz sve to, moram iz Podgorice, u radno vrijeme (dakle napu\u0161taju\u0107i svoj posao i rad sa strankama) do\u0107i da podignem original prekr\u0161ajni nalog i platim kaznu, ili, ako imam primjedbu, \u017ealim se sudu. Druga\u010dije ne mo\u017ee, osim tako, propisi su takvi! Telefonskim putem sam kontaktirao Komunalnu policiju Cetinja tra\u017ee\u0107i da sudski raspravimo navedeni prekr\u0161aj, bez dolaska na Cetinje, ali ne mo\u017ee, mora po proceduri, koja predvi\u0111a da li\u010dno do\u0111em, preuzmem i potpi\u0161em original prekr\u0161ajni nalog. \u00a0Tako to funkcioni\u0161e u pravnoj dr\u017eavi kakva je Crna Gora \u2013 za uboge gra\u0111ane. \u201eKontroverznim biznismenima\u201c(ober lopovima), plja\u010dka\u0161ima dr\u017eavne imovine u milionskim iznosima, politi\u010dkim i drugim\u00a0 mafija\u0161ima, procedure su sasvim druga\u010dije, napravljene da vje\u0161to izbjegnu svaki vid odgovornosti i kazne.<\/p>\n<p>Iako sam najprije mislio da idem na sud, zbog pomenutih \u201eprocedura\u201c i iscrpljenosti od decenijske borbe sa sistemom stvorenim za plja\u010dku, koji po\u010diva na la\u017enim sudovima, la\u017enim tu\u017eiocima i tu\u017eila\u0161tvima, la\u017enim sudijama i ostalim lopovskim \u201einstitucijama\u201c \u2013 odustadoh. I mene su najzad slomili. Jednostavno vi\u0161e nemam snage, ostaje mi da izdu\u0161ujem kroz pisanje. \u00a0Jer znam da \u0107e preko javnog izvr\u0161itelja (\u010ditaj lopova), tra\u017eiti izvr\u0161enje, pa onda slijedi moja \u017ealba, pa sud i nekoliko odlazaka na Cetinje, pa&#8230; \u2013 i na kraju opet moram platiti javnom lopovu, njegov, ne mali dio kola\u010da \u2013 sistem je to. Napravljen po mjeri Marovi\u0107a, Kali\u0107a, \u0160ari\u0107a, Lazovi\u0107a, Milovi\u0107a i sli\u010dnih \u0111ukanovi\u0107a, a \u0111e jedino ubogi gra\u0111anin ne mo\u017ee pobje\u0107i \u201eod ruke (ne)pravde\u201c, sistema permanentne plja\u010dke gra\u0111ana koji pune bud\u017eete, op\u0161tinske ili dr\u017eavne, da bi Marovi\u0107i, \u0110ukanovi\u0107i, Ivanovi\u0107i, Bogdanovi\u0107i&#8230; mogli bolje i vi\u0161e da plja\u010dkaju. Sistem u kome ne postoji razlika u razmi\u0161ljanju i djelovanju izme\u0111u DPS-a, DF-a, Stare garde, SDP-a, Demokrata, URA-e, manjinskih partija &#8230;, jer svi su oni ista garda, u sistemu zasnovanom na otima\u010dini \u201edrugog plemena\u201c &#8211; istorijskoj \u00a0tradiciji Crne Gore, jedino dokazno utemeljenoj.<\/p>\n<p>Da budem jasan: Napravio sam prekr\u0161aj, parkirao sam automobil na mjesto gdje je to zabranjeno, ne uo\u010div\u0161i znak da je za slu\u017ebene automobile. Ali, da nije bilo slobodnog mjesta, da su automobili pored mog imali registarske oznake CG \u2013 za slu\u017ebene automobile \u2013 a nijesu, upalo bi mi u oko i to se ne bi desilo. Ni da sam sa Cetinje \u2013 tako\u0111e, jer bih znao da je to slu\u017ebeni parking. Zatim, sve se de\u0161ava u ve\u010dernjim satima, pa se postavlja logi\u010dno pitanje, kako sam slu\u017ebenom automobilu u to vrijeme mogao zauzeti parking mjesto (bilo ih je slobodno jo\u0161 dva)? Ako jesam \u2013 a o\u010digledno je da nijesam, \u0161to rade i \u0111e su bili ti slu\u017ebeni automobili op\u0161tine u ve\u010dernjim satima? Dakle, svrha ka\u017enjavanja je bila otimanje novca, sve sa zakonski formalno-pravnom podlogom \u2013 kao posjetiocu, a ne su\u0161tinski prekr\u0161aj. Vjerujem da je to praksa prema ostalim turistima i posjetiocima Cetinja, jer je i na primorju sli\u010dno \u2013 uzmi, tj. otmi novac posjetiocima i turistima na sve na\u010dine.<\/p>\n<p>Oglobiti gra\u0111anina, pogotovu ako je on sa strane, na\u0161e je geslo. Otima\u010dina je crnogorski obi\u010daj, a gostuljubljivost i razumijevanje incident. \u00a0Saobra\u0107ajni policajac \u0107a vas, ako mu se \u0107efne,\u00a0 kazniti zbog neupaljenog svijetla u sred dana, po \u017earopeku, bez i\u0111e ijednog oblaka, jer zakonski na to ima pravo, iako na nijedan na\u010din tim \u201eprekr\u0161ajem\u201c nijeste ugrozili bezbjednost saobra\u0107aja.<\/p>\n<p>A da su sve na\u0161e politi\u010dke garde, zajedno sa starom, sli\u010dne, pokazao mi je i ju\u010dera\u0161nji odlazak na Cetinje da preuzmem original nalog kako bih mogao platiti kaznu (to me je ko\u0161talo uzimanje pola slobodnog radnog dana, pored ostalog). <strong>Tra\u017eio sam na\u010delnika Komunalne policije da mu postavim neka pitanja u svojstvu novinara. Poga\u0111ate, bio je slu\u017ebeno odsutan. Sekretarica \u2013 tako\u0111e. Pravnica koja ga mijenja, tako\u0111e je bila odsutna. Slu\u017ebeno, normalno. Kasnije se pojavila, ali o tome, kao i priznanju da mi je poslata kopija zapisnika o prekr\u0161aju potpuno ne\u010ditka, nekom drugom prilikom.<\/strong><\/p>\n<p>Bi\u0107e zanimljiv odgovor na\u010delnika Komunalne policije \u2013 ako ga dobijem, na slede\u0107e pitanje:<strong> Koliko ja prekr\u0161ajnih kazni za nepropisno parkiranje Komunalna policija Cetinja u junu mjesecu 2022. godine izrekla domicilnim gra\u0111anima (gra\u0111anima Cetinja sa cetinjskim registrskim oznakama), a koliko turistima (gra\u0111anima \u010diji regsitarske oznake nijesu sa Cetinja)?<\/strong><\/p>\n<p>U dr\u017eavi u kojoj se saobra\u0107ajna policija krije iza ograda, plotova i \u017ebuna, gdje policajci skriveni iz zasjeda radarom \u201elove\u201c one koji prekora\u010de brzinu, normalno je da Komunalna policija radi na sli\u010dan na\u010din. Njihov cilj nije da budu vidni, upozore, opomenu i preveniraju prekr\u0161aj, ve\u0107 da \u00a0se prekr\u0161aj napravi i da bude\u0161 \u201eulovljen\u201c u njemu kako bi te kaznili. Takva nam je svijest, a bez promjene svijesti nema ni drugih, kvalitetnih promjena u dru\u0161tvu.<\/p>\n<p>Ljudska pouka, umjesto pravne:<\/p>\n<blockquote><p><em><strong>Kada vam do\u0111e posjetioc ili turista na Cetinje, napravi prekr\u0161aj koji je o\u010digledno nenamjeran, kojim bitno ne ugro\u017eava bezbjednost saobra\u0107aja ili komunalni red, a koji je izazvan o\u010ditim nesnala\u017eanjem ili neprimje\u0107ivanjem znaka za zabranu i sli\u010dno, takvog posjetioca opomenite, bez ka\u017enjavanja. Unesite mu registararski broj u ra\u010dunar i ako opet napravi prekr\u0161aj, kaznite ga. Tako \u0107ete stvoriti imid\u017e profesionalnog a gostoljubljivog doma\u0107ina, \u010dime \u0107ete pove\u0107ati posjete gradu, a onda i prihod. Ovako sti\u010dete imid\u017e zakonskih razbojnika, kojima je cilj da uhvate u gre\u0161ci posjetioce i oglobe, nesvjesno ih \u0107eraju\u0107i. To va\u017ei ne samo za Cetinje nego za svu Crnu Goru, pogotovo op\u0161tine koje egzistiraju od turizma.<\/strong><\/em><\/p><\/blockquote>\n","protected":false},"excerpt":{"rendered":"<p>Oglobiti gra\u0111anina, pogotovu ako je on sa strane, na\u0161e je geslo. Otima\u010dina je crnogorski obi\u010daj, a gostuljubljivost i razumijevanje incident.<\/p>\n","protected":false},"author":12,"featured_media":349363,"comment_status":"open","ping_status":"closed","sticky":false,"template":"","format":"standard","meta":{"_seopress_robots_primary_cat":"","_seopress_titles_title":"","_seopress_titles_desc":"","_seopress_robots_index":"","_et_pb_use_builder":"","_et_pb_old_content":"","_et_gb_content_width":"","inline_featured_image":false,"footnotes":""},"categories":[17,12],"tags":[761,1169],"class_list":["post-349354","post","type-post","status-publish","format-standard","has-post-thumbnail","hentry","category-blogovi","category-prica-dana","tag-cetinje","tag-omer-sarkic"],"_links":{"self":[{"href":"https:\/\/www.pcnen.com\/portal\/wp-json\/wp\/v2\/posts\/349354","targetHints":{"allow":["GET"]}}],"collection":[{"href":"https:\/\/www.pcnen.com\/portal\/wp-json\/wp\/v2\/posts"}],"about":[{"href":"https:\/\/www.pcnen.com\/portal\/wp-json\/wp\/v2\/types\/post"}],"author":[{"embeddable":true,"href":"https:\/\/www.pcnen.com\/portal\/wp-json\/wp\/v2\/users\/12"}],"replies":[{"embeddable":true,"href":"https:\/\/www.pcnen.com\/portal\/wp-json\/wp\/v2\/comments?post=349354"}],"version-history":[{"count":4,"href":"https:\/\/www.pcnen.com\/portal\/wp-json\/wp\/v2\/posts\/349354\/revisions"}],"predecessor-version":[{"id":349365,"href":"https:\/\/www.pcnen.com\/portal\/wp-json\/wp\/v2\/posts\/349354\/revisions\/349365"}],"wp:featuredmedia":[{"embeddable":true,"href":"https:\/\/www.pcnen.com\/portal\/wp-json\/wp\/v2\/media\/349363"}],"wp:attachment":[{"href":"https:\/\/www.pcnen.com\/portal\/wp-json\/wp\/v2\/media?parent=349354"}],"wp:term":[{"taxonomy":"category","embeddable":true,"href":"https:\/\/www.pcnen.com\/portal\/wp-json\/wp\/v2\/categories?post=349354"},{"taxonomy":"post_tag","embeddable":true,"href":"https:\/\/www.pcnen.com\/portal\/wp-json\/wp\/v2\/tags?post=349354"}],"curies":[{"name":"wp","href":"https:\/\/api.w.org\/{rel}","templated":true}]}}