{"id":348910,"date":"2022-07-01T12:57:47","date_gmt":"2022-07-01T10:57:47","guid":{"rendered":"https:\/\/www.pcnen.com\/portal\/?p=348910"},"modified":"2022-07-01T12:57:47","modified_gmt":"2022-07-01T10:57:47","slug":"london-crna-gora-zatrazila-izrucenje-duska-knezevica","status":"publish","type":"post","link":"https:\/\/www.pcnen.com\/portal\/2022\/07\/01\/london-crna-gora-zatrazila-izrucenje-duska-knezevica\/","title":{"rendered":"London: Crna Gora zatra\u017eila izru\u010denje Du\u0161ka Kne\u017eevi\u0107a"},"content":{"rendered":"<p>U govoru pred Vestminsterskim sudom, srpski advokat Radovan Grbovi\u0107 rekao je da je Kne\u017eevi\u0107, koji posjeduje desetine kompanija u Crnoj Gori, postao meta politi\u010dki motivisanog krivi\u010dnog gonjenja nakon sva\u0111e sa predsjednikom dr\u017eve Milom \u0110ukanovi\u0107em, prenosi portal RTCG.<\/p>\n<p>Crnogorski pravosudni sistem je sklon &#8220;politi\u010dkom uticaju\u201c, rekao je Grbovi\u0107, koji se pojavio putem video-linka. On je citirao istoriju slu\u010dajeva koji su, kako je rekao, pokrenuti da bi se pojedinci optu\u017eeni za nedjela upleli u &#8220;beskrajne politi\u010dki motivisane krivi\u010dne postupke\u201c, prenosi &#8220;law360.com&#8221;.<\/p>\n<p>On se osvrnuo na osudu iz 2019. godine dvojici lidera opozicionih partija i drugima za poku\u0161aj dr\u017eavnog udara 2016. godine. Odluku je kasnije poni\u0161tio \u017ealbeni sud, koji je nalo\u017eio ponovno su\u0111enje.<\/p>\n<p>&#8220;Kada postanete \u0110ukanovi\u0107ev neprijatelj, onda \u0107e se cijeli dr\u017eavni sistem anga\u017eovati da te osobe diskredituje i diskvalifikuje iz politike i \u017eivota u Crnoj Gori&#8221;, rekao je Grbovi\u0107 na sudu.<\/p>\n<p>Grbovi\u0107 je rekao da je, iako je pravni i regulatorni okvir Crne Gore blizak evropskom, &#8220;implementacija i primjena tih zakona veoma upitna\u201c.<\/p>\n<p>On je citirao izvje\u0161taj Fridom Hausa, u kojem je utvr\u0111eno da najve\u0107i broj prijava Evropskom sudu za ljudska prava podnose pojedinci iz Crne Gore, koji se suo\u010davaju sa krivi\u010dnim postupcima koji u prosjeku traju deset godina.<\/p>\n<p><a href=\"https:\/\/www.pcnen.com\/portal\/?s=Du%C5%A1ko+Kne%C5%BEevi%C4%87\">VEZANE VIJESTI<\/a><\/p>\n","protected":false},"excerpt":{"rendered":"<p>Crna Gora je zatra\u017eila pred u sudom u Londonu izru\u010denje Du\u0161ka Kne\u017eevi\u0107a, dok su Knezevi\u0107evi advokati osporili taj zahtjev, tvrde\u0107i da u Crnoj Gori i ne bi imao pravi\u010dno su\u0111enje. Kne\u017eevi\u0107evi advokati su rekli da bi se, ako bude izru\u010den, suo\u010dio sa optu\u017ebama za prevaru od 12,5 miliona eura.<\/p>\n","protected":false},"author":1,"featured_media":298891,"comment_status":"open","ping_status":"closed","sticky":false,"template":"","format":"standard","meta":{"_seopress_robots_primary_cat":"","_seopress_titles_title":"","_seopress_titles_desc":"","_seopress_robots_index":"","_et_pb_use_builder":"","_et_pb_old_content":"","_et_gb_content_width":"","inline_featured_image":false,"footnotes":""},"categories":[14],"tags":[],"class_list":["post-348910","post","type-post","status-publish","format-standard","has-post-thumbnail","hentry","category-vijesti"],"_links":{"self":[{"href":"https:\/\/www.pcnen.com\/portal\/wp-json\/wp\/v2\/posts\/348910","targetHints":{"allow":["GET"]}}],"collection":[{"href":"https:\/\/www.pcnen.com\/portal\/wp-json\/wp\/v2\/posts"}],"about":[{"href":"https:\/\/www.pcnen.com\/portal\/wp-json\/wp\/v2\/types\/post"}],"author":[{"embeddable":true,"href":"https:\/\/www.pcnen.com\/portal\/wp-json\/wp\/v2\/users\/1"}],"replies":[{"embeddable":true,"href":"https:\/\/www.pcnen.com\/portal\/wp-json\/wp\/v2\/comments?post=348910"}],"version-history":[{"count":1,"href":"https:\/\/www.pcnen.com\/portal\/wp-json\/wp\/v2\/posts\/348910\/revisions"}],"predecessor-version":[{"id":348912,"href":"https:\/\/www.pcnen.com\/portal\/wp-json\/wp\/v2\/posts\/348910\/revisions\/348912"}],"wp:featuredmedia":[{"embeddable":true,"href":"https:\/\/www.pcnen.com\/portal\/wp-json\/wp\/v2\/media\/298891"}],"wp:attachment":[{"href":"https:\/\/www.pcnen.com\/portal\/wp-json\/wp\/v2\/media?parent=348910"}],"wp:term":[{"taxonomy":"category","embeddable":true,"href":"https:\/\/www.pcnen.com\/portal\/wp-json\/wp\/v2\/categories?post=348910"},{"taxonomy":"post_tag","embeddable":true,"href":"https:\/\/www.pcnen.com\/portal\/wp-json\/wp\/v2\/tags?post=348910"}],"curies":[{"name":"wp","href":"https:\/\/api.w.org\/{rel}","templated":true}]}}