{"id":348816,"date":"2022-06-30T13:57:50","date_gmt":"2022-06-30T11:57:50","guid":{"rendered":"https:\/\/www.pcnen.com\/portal\/?p=348816"},"modified":"2022-06-30T13:57:50","modified_gmt":"2022-06-30T11:57:50","slug":"nekultura-na-vrelini","status":"publish","type":"post","link":"https:\/\/www.pcnen.com\/portal\/2022\/06\/30\/nekultura-na-vrelini\/","title":{"rendered":"Nekultura na vrelini"},"content":{"rendered":"<p>Prije neki dan sam bio na Cijevni, neprocjenjivo blago sve vrelije Podgorice. Cijevna, osim \u0161to je prelijepa, po mnogo \u010demu je \u010dudna rijeka. Skoro do kraja juna je ba\u0161 hladna, temperatura vode ne prelazi 18 stepeni, a onda, u samo par dana, postane idealna za prijatno osvje\u017eenje, sa temperaturom vode od oko 21 stepen. Od sredine jula, kada na moru postanu nesnosne gu\u017eve a ona potpuno presu\u0161i na vodopadima, temperatura vode se penje i do 23 stepena. Na samo par kilometara od grada, a nezaga\u0111ena, prozra\u010dna i bistra, sa potpuno mirnom \u00a0vodom i brzacima, kamenim ali i pje\u0161\u010danim pla\u017eama \u2013 od kojih su mnoge sakrivene, te stijenama za skakanje, Cijevna je mnogima u julu \u2013 i meni me\u0111u njima, dra\u017ea od mora. No\u0107no kupanje na njoj, kada Podgorica poslije ekstremnih dnevnih temperatura prosto isijava toplotu i postaje nesnosna, poseban je u\u017eitak.<\/p>\n<p>Kao \u0161to rekoh, prije neki dan sam bio na Cijevnu, dok mi je na automobilu ostao kajak koga sam prethodnog dana koristio na moru. Odlu\u010dih da ga skinem sa auta i proveslam od vodopada uzvodno, dok se mo\u017ee, a to je nekih 700-800 metara. Cijelim tim potezom voda je potpuno tiha i mirna, a na dobrom dijelu obale onemogu\u0107en je pristup rijeci, protivzakonito, postavljenim ogradama \u2013 \u0161to nadle\u017ene organe o\u010dito ne tangira. I dok sam sa sinom u\u017eivao veslaju\u0107i, podsje\u0107aju \u0107e se na mjesta koja sam u djetinjstvu redovno posje\u0107ivao poznavaju\u0107i ih kao svoj d\u017eep, prelijep utisak su mi kvarile desetine plutaju\u0107ih kesa, staklenih i plasti\u010dnih fla\u0161a &#8211; bidona \u010dak, koji su plutali rijekom. Ni\u0161ta kao ba\u010deni otpad u rijekama, jezerima i moru ne pokazuje na\u0161u ekolo\u0161ku ali i svaku drugu nekulturu i svijest. U\u017eivaju\u0107i u njima, sve radimo da ih uneredimo, zagadimo i zgadimo. Kao u svemu, ne mislimo da \u0107emo ih mo\u017eda ve\u0107 sjutra opet koristiti, da \u0107e ih koristiti i drugi ljudi, koji su tu, pored nas. Najlak\u0161e nam je baciti otpad u rijeku, ne razmi\u0161ljaju\u0107i da u svom stanu ili sobi nikad na taj na\u010din ne bacamo otpatke, ve\u0107 ih pokupimo i odlo\u017eimo u sme\u0107e, iako imamo mnogo ve\u0107e pravo da to radimo upravo u svom stanu jer je na\u0161 i u njemu mo\u017eemo raditi \u0161to nam volja, dok je rijeka svih nas, zajedni\u010dko dobro i to pravo nemamo.<\/p>\n<p>Vra\u0107aju\u0107i se kajakom odlu\u010dio sam da pokupim bar onaj najkrupniji plutaju\u0107i otpad. Za tili \u010das ogromni kajak dvosjed je bio solidno napunjen sme\u0107em. Dobar dio kupa\u010da su sa neskrivenim podsmijehom posmtrali kako dijete i ja sakupljamo to, njihovo, u rijeku ba\u010deno sme\u0107e, ali je bilo i onih koji su nam, vidi se, htjeli pomo\u0107i, upu\u0107ivali nas na plutaju\u0107e sme\u0107e koji kajakom ne bi primijetili. Sve to se de\u0161avalo na dijelu Cijevne u neposrednoj blizini veoma razra\u0111enog restorana \u201eNijagara\u201c, \u010diji vlasnik urednom odr\u017eava obalu oko samog objekta. Me\u0111utim, o\u010dito mu ne pada na pamet da povremeno na ovakav ili sli\u010dan na\u010din \u010disti samu rijeku, bez koje ni njegov restoran, vjerovatno, ne bi postojao.<\/p>\n<p>Sjutradan poslije opisanog doga\u0111aja, na fb profilu prijateljice sa primorja, vidio sam fotografije i pisani zapis na kome se vidi kako strani turisti na kajacima \u010diste na\u0161e more, od opet na\u0161eg sme\u0107a.<\/p>\n<p><img loading=\"lazy\" decoding=\"async\" class=\"aligncenter size-full wp-image-348823\" src=\"https:\/\/www.pcnen.com\/portal\/wp-content\/uploads\/2022\/06\/more-Omer.png\" alt=\"\" width=\"640\" height=\"480\" srcset=\"https:\/\/www.pcnen.com\/portal\/wp-content\/uploads\/2022\/06\/more-Omer.png 640w, https:\/\/www.pcnen.com\/portal\/wp-content\/uploads\/2022\/06\/more-Omer-300x225.png 300w, https:\/\/www.pcnen.com\/portal\/wp-content\/uploads\/2022\/06\/more-Omer-580x435.png 580w\" sizes=\"(max-width: 640px) 100vw, 640px\" \/><\/p>\n<p>Bacamo otpad u njega iako mnogi od nas, pa i dr\u017eava na neki na\u010din \u017eive upravo od turizma i tog mora, a oni koji su do\u0161li da u\u017eivaju kao turisti, \u010desto papreno pla\u0107aju\u0107i to u\u017eivanje, \u010diste ga! Uz to, znamo im se posprdavati ili \u010dudno gledati zbog toga.<\/p>\n<p>Dok nam se ne promijeni kultura i svijest, ne\u0107e do\u0107i ni do bilo kakve druge kvalitetne promjene u dru\u0161tvu: ni politi\u010dke, ni ekonomske. A za tako ne\u0161to potrebna je stalna edukacija preko obrazovnog sistema i informativnih emisija, uz adekvatnu kaznenu politiku i bolje inspekcijsko-komunalne slu\u017ebe. Naravno, trebaju nam i primjeri kroz djelovanje javnih li\u010dnosti u tom pravcu, koje \u0107e se pona\u0161ati na odgovoran i za gra\u0111ane primjeran na\u010din, ali takvih primjera je zanemarljivo malo.<\/p>\n","protected":false},"excerpt":{"rendered":"<p>Pi\u0161e: Omer \u0160ARKI\u0106<\/p>\n","protected":false},"author":12,"featured_media":286086,"comment_status":"open","ping_status":"closed","sticky":false,"template":"","format":"standard","meta":{"_seopress_robots_primary_cat":"","_seopress_titles_title":"","_seopress_titles_desc":"","_seopress_robots_index":"","_et_pb_use_builder":"","_et_pb_old_content":"","_et_gb_content_width":"","inline_featured_image":false,"footnotes":""},"categories":[17],"tags":[],"class_list":["post-348816","post","type-post","status-publish","format-standard","has-post-thumbnail","hentry","category-blogovi"],"_links":{"self":[{"href":"https:\/\/www.pcnen.com\/portal\/wp-json\/wp\/v2\/posts\/348816","targetHints":{"allow":["GET"]}}],"collection":[{"href":"https:\/\/www.pcnen.com\/portal\/wp-json\/wp\/v2\/posts"}],"about":[{"href":"https:\/\/www.pcnen.com\/portal\/wp-json\/wp\/v2\/types\/post"}],"author":[{"embeddable":true,"href":"https:\/\/www.pcnen.com\/portal\/wp-json\/wp\/v2\/users\/12"}],"replies":[{"embeddable":true,"href":"https:\/\/www.pcnen.com\/portal\/wp-json\/wp\/v2\/comments?post=348816"}],"version-history":[{"count":3,"href":"https:\/\/www.pcnen.com\/portal\/wp-json\/wp\/v2\/posts\/348816\/revisions"}],"predecessor-version":[{"id":348824,"href":"https:\/\/www.pcnen.com\/portal\/wp-json\/wp\/v2\/posts\/348816\/revisions\/348824"}],"wp:featuredmedia":[{"embeddable":true,"href":"https:\/\/www.pcnen.com\/portal\/wp-json\/wp\/v2\/media\/286086"}],"wp:attachment":[{"href":"https:\/\/www.pcnen.com\/portal\/wp-json\/wp\/v2\/media?parent=348816"}],"wp:term":[{"taxonomy":"category","embeddable":true,"href":"https:\/\/www.pcnen.com\/portal\/wp-json\/wp\/v2\/categories?post=348816"},{"taxonomy":"post_tag","embeddable":true,"href":"https:\/\/www.pcnen.com\/portal\/wp-json\/wp\/v2\/tags?post=348816"}],"curies":[{"name":"wp","href":"https:\/\/api.w.org\/{rel}","templated":true}]}}