{"id":348244,"date":"2022-06-22T13:06:13","date_gmt":"2022-06-22T11:06:13","guid":{"rendered":"https:\/\/www.pcnen.com\/portal\/?p=348244"},"modified":"2022-06-22T13:06:53","modified_gmt":"2022-06-22T11:06:53","slug":"protest-na-gorici-i-kako-je-unistavana-podgorica","status":"publish","type":"post","link":"https:\/\/www.pcnen.com\/portal\/2022\/06\/22\/protest-na-gorici-i-kako-je-unistavana-podgorica\/","title":{"rendered":"Protest na Gorici i kako je uni\u0161tavana Podgorica"},"content":{"rendered":"<p>Park \u0161uma Gorica je postala mjesto koje najvi\u0161e posje\u0107uju Podgori\u010dani i Podgori\u010danke, ali i predstavnici stranih zemalja u Crnoj Gori. Gorica \u00a0gra\u0111anima slu\u017ei za \u0161etnju, rekreciju i trening, mjesto u centru grada gdje mogu pobje\u0107i od buke i nadisati se koliko toliko \u010distijeg vazduha. Ljeti, kada zavladaju paklene vru\u0107ine kao trenutno,\u00a0 temperatura na Gorici ni\u017ea je za osjetna dva do tri stepena nego u centru grada, a rano ujutro se mo\u017ee osjetiti i svje\u017eina koje je urbani dio Podgorice, od polovine juna do polovine avgusta prosto \u017eeljan.<\/p>\n<p>Jedan sam od onih koji redovno posje\u0107uje Goricu vikendima i za vrijeme godi\u0161njeg odmora, zbog rekreacije, ba\u0161 u ranim jutarnjim satima, jer je u ve\u010dernjim neopisiva gu\u017eva. Stoga, stalno javno upozoravam, pi\u0161em, apelujem da se park \u0161uma sa\u010duva, odr\u017eava, dalje po\u0161umljava i pazi. Neki od javnih i pisanih predloga su prihva\u0107eni, kao onaj kada sam apelovao da se ru\u017eni, metalni, zar\u0111ali kontejner, u kome su ljeti smje\u0161teni vatrogasci, zamijeni adekvatnom, ambijetalnom ku\u0107icom.<\/p>\n<p>Uprkos tome \u0161to je sve ve\u0107i broj gra\u0111ana Podgorice svjestan va\u017enosti park \u0161ume Gorica za sve nas, nezaje\u017eljivi kapital i kapitalisti, te \u201ekontroverzni biznismeni\u201c uporno je napadaju, konstantno devastiraju i uni\u0161tavaju, jer kvadrat izgra\u0111enog stana na Gorici je i za 50% skuplji od kvadrata na drugim lokacijama &#8211; i tu im je ra\u010dunica (profit) jasna. A profit nikad nije mislio i ne misli na javno i op\u0161te dobro, kod nas pogotovo.<\/p>\n<p>Poslije svih obe\u0107anja i zaklinjanja gradske i dr\u017eavne vlasti da se na Gorici vi\u0161e ne\u0107e dozvoliti nikakva gradnja i dalja devastacija, sa zapadne strane, na samom obodu brda, priprema se gradnja nove vi\u0161espratnice. Gra\u0111ani su zbog te namjere burno negodovali, preko dru\u0161tvenih mre\u017ea odlu\u010dili da organizuju protest, kome sam se vi\u0161e kao gra\u0111anin nego kao novinar odazvao.<\/p>\n<p>Me\u0111u vi\u0161e od dvjesta okupljenih gra\u0111ana, primijetio sam da ne\u0161to jednostavno ne \u0161tima: pripremljene parole, pojedina \u201eface\u201c koje nikad nijesam vidio na bilo kojem ranijem protestu, grupisanja, ali i dirigovanja \u2013 rekao bih. Na parolama je uglavnom prozivan Gra\u0111anski pokret URA, a jedan od govornika na protestu je bio iz Uprave Glavnog grada, koji je kao krivca za navedenu gradnju optu\u017eio Vladu, \u0161to je izazvalo burne rekacije grupe gra\u0111ana okupljene oko odbornika URA-e u gradskom parlamentu Luke Rak\u010devi\u0107a.<\/p>\n<p><img loading=\"lazy\" decoding=\"async\" class=\"aligncenter size-full wp-image-348247\" src=\"https:\/\/www.pcnen.com\/portal\/wp-content\/uploads\/2022\/06\/gorica-rotated.jpg\" alt=\"\" width=\"640\" height=\"480\" srcset=\"https:\/\/www.pcnen.com\/portal\/wp-content\/uploads\/2022\/06\/gorica-rotated.jpg 640w, https:\/\/www.pcnen.com\/portal\/wp-content\/uploads\/2022\/06\/gorica-300x225.jpg 300w, https:\/\/www.pcnen.com\/portal\/wp-content\/uploads\/2022\/06\/gorica-580x435.jpg 580w\" sizes=\"(max-width: 640px) 100vw, 640px\" \/><\/p>\n<p>Foto:Omer \u0160arki\u0107<\/p>\n<p>Tako je jedan opravdan protest, na kome je ve\u0107ina gra\u0111ana do\u0161la iz \u010distih pobuda \u2013 da brani park \u0161umu, zloupotrijebljen, pretvoren u politi\u010dko nadgornjavanje i predizborni skup za budu\u0107e lokalne izbore. Zbunjeni gra\u0111ani su ostali bez odgovora ko je nadle\u017ean i ko \u0107e sprije\u010diti izgradnju pomenute vi\u0161espratnice \u2013 ono \u0161to ih je najvi\u0161e interesovalo. Prebacivanje odgovornosti sa jedne na drugu adresu i zbunjivanje gra\u0111ana je poznata mantra iz prethodnih decenija, koja nam potvr\u0111uje isti karakter kako lokalne tako dr\u017eavne vlasti, to jest nepostojanja institucija.<\/p>\n<p>U neformalnom razgovoru sa jednim od okupljenih gra\u0111ana, predstavnik Glavnog grada je na upozorenje da se brdo Gorica decenijama devastira i napada od investitora (kontroverznih biznismena!), odgovorio da se sada ne treba vra\u0107ati u pro\u0161lost! Upravo onako kako je u par navrata i u raznim prilikama besjedio aktuelni premijer Abazovi\u0107, poru\u010duju\u0107i da se ne trebamo vra\u0107ati u pro\u0161lost. Poruka da se ne trebamo vra\u0107ati u pro\u0161lost je melem na ranu ratnim zlo\u010dincima i hu\u0161ka\u010dima, ober lopovima koje od milja zovemo \u201ekontroverznim biznismenima\u201c, ali i \u201ekontraverznim gradona\u010delnicima\u201c, te ratnim i antiratnim profiterima.<\/p>\n<p>Upravo pro\u0161lost, a ponajvi\u0161e \u201ekontroverzni\u201c gradona\u010delnik Podgorice u bezbroj mandata Miomir Mugo\u0161a, od Podgorice ali i podno\u017eja brda Gorica su napravili ruglo, devastiraju\u0107i ih do neprepoznatljivosti, u\u010diniv\u0161i Podgoricu prentarpanim gradom u haosu i bez du\u0161e. Javna je tajna \u2013 svima poznata osim sudstvu i tu\u017eila\u0161tvu, da su se po nalogu velikog vezira i \u0161erifa Podgorica, bahatog i drskog, indolentnog mu\u017eeka Mugo\u0161e, ucrtavane zgrade u dvori\u0161tima postoje\u0107ih, na zelenim gradaskim povr\u0161inama, a da ja zautvrat dobijao po stan od \u201ekontroverznih biznismena\u201c kojima je to omogu\u0107avao.<\/p>\n<p>Tako je veliki vezir postao kom\u0161ija sa svim stanovnicima Podgorice, ali je i dalje na slobodi i u\u017eiva u svom ogromnom, \u00a0\u201ekontroverzno\u201c ste\u010denom kapitalu. U svojoj bahatosti i bijesu sru\u0161io je i teniske terena u podno\u017eju Gorice, koji su cijeloj park \u0161umi davali poseban \u0161mek. Poslije ru\u0161enje teniskih terena na njihovo mjesto je ostao \u201edivlji\u201c parking sa izlokanim rupama, ljeti punih pra\u0161ine, zimi vode. Parking tu\u0161ke pijace je oli\u010denje ure\u0111enosti za ovaj. Va\u017eno je napomenuti da se svojevremenoj izgradnji teniskih terena protivio i pokojni mitropolit Amfilohije, jer su po njemu teniski tereni ru\u0161ili ambijent crkve Svetog \u0110or\u0111a. Sad, sa ovakvim parkingom na njihovom mjestu, ambijent je odli\u010dan!<\/p>\n<p>Na kraju \u0107u pomenuti i primjer kako su pojedini novinari, to jest \u201enovinari\u201c &#8211; najbolje je mo\u017eda re\u0107i\u00a0 \u201ekontroverzni\u201c novinari, \u00a0u\u010destvovali u devastaciji grada.<\/p>\n<p>Prije dvadesetak goidina, idu\u0107i na posao, jedno jutro sam vidio ogra\u0111en dio Kara\u0111or\u0111evog parka crvenom ogradom oko koje je bilo neko privatno obezbje\u0111enje momaka obu\u010denih u crno. Tada su se tek po\u010dela pojavljivati privatna obezbje\u0111enja, te sam bio prosto za\u010du\u0111en za\u0161to je dio parka preko no\u0107i ogra\u0111en i \u010duvan. Istog dana sam se uklju\u010dio u emisiju \u201eRadio veza\u201c kod omiljenog novinara, upozorio da se ne\u0161to \u010dudno de\u0161ava u Kara\u0111or\u0111evom parku. \u201eKontroverzni\u201c novinar poznat po svom patriotizmu je pani\u010dno branio pravo da park iz nekog razloga bude ogra\u0111en i \u010duvan privatnim obezbje\u0111enjem, na sve na\u010dine poku\u0161avaju\u0107i da me omete u izno\u0161enju sumnji da tu nijesu u pitanju \u010dista posla. Po takvom njegovom stavu sam bio jo\u0161 sigurniji da se dijelu Kara\u0111or\u0111evog parka sprema ne\u0161to ru\u017eno. Ve\u0107 sjutradan, posje\u010deno je nekoliko borova, a stotinjak metara kvadratnih parka je uzeto da bi se izgradila zgrada kontroverznog Aca \u0110ukanovi\u0107a, zgrada u kojoj se nalazi poslovnica kontoverzne Prve banke.<\/p>\n<p>Ne, ne\u0107emo se vra\u0107ati u pro\u0161lost, samo treba misliti na budu\u0107nost!<\/p>\n<p>Sje\u0107anje na pro\u0161lost koju veoma dobro pamtim mene prosto ubi, smatram da ni makac ne mo\u017eemo naprijed dok ne odgovaraju oni iz pro\u0161losti koji su nam sada\u0161njost u\u010dinili ovakvom kakva jeste.<\/p>\n","protected":false},"excerpt":{"rendered":"<p>Pi\u0161e: Omer \u0160ARKI\u0106<\/p>\n","protected":false},"author":12,"featured_media":286086,"comment_status":"open","ping_status":"closed","sticky":false,"template":"","format":"standard","meta":{"_seopress_robots_primary_cat":"","_seopress_titles_title":"","_seopress_titles_desc":"","_seopress_robots_index":"","_et_pb_use_builder":"","_et_pb_old_content":"","_et_gb_content_width":"","inline_featured_image":false,"footnotes":""},"categories":[17],"tags":[],"class_list":["post-348244","post","type-post","status-publish","format-standard","has-post-thumbnail","hentry","category-blogovi"],"_links":{"self":[{"href":"https:\/\/www.pcnen.com\/portal\/wp-json\/wp\/v2\/posts\/348244","targetHints":{"allow":["GET"]}}],"collection":[{"href":"https:\/\/www.pcnen.com\/portal\/wp-json\/wp\/v2\/posts"}],"about":[{"href":"https:\/\/www.pcnen.com\/portal\/wp-json\/wp\/v2\/types\/post"}],"author":[{"embeddable":true,"href":"https:\/\/www.pcnen.com\/portal\/wp-json\/wp\/v2\/users\/12"}],"replies":[{"embeddable":true,"href":"https:\/\/www.pcnen.com\/portal\/wp-json\/wp\/v2\/comments?post=348244"}],"version-history":[{"count":4,"href":"https:\/\/www.pcnen.com\/portal\/wp-json\/wp\/v2\/posts\/348244\/revisions"}],"predecessor-version":[{"id":348249,"href":"https:\/\/www.pcnen.com\/portal\/wp-json\/wp\/v2\/posts\/348244\/revisions\/348249"}],"wp:featuredmedia":[{"embeddable":true,"href":"https:\/\/www.pcnen.com\/portal\/wp-json\/wp\/v2\/media\/286086"}],"wp:attachment":[{"href":"https:\/\/www.pcnen.com\/portal\/wp-json\/wp\/v2\/media?parent=348244"}],"wp:term":[{"taxonomy":"category","embeddable":true,"href":"https:\/\/www.pcnen.com\/portal\/wp-json\/wp\/v2\/categories?post=348244"},{"taxonomy":"post_tag","embeddable":true,"href":"https:\/\/www.pcnen.com\/portal\/wp-json\/wp\/v2\/tags?post=348244"}],"curies":[{"name":"wp","href":"https:\/\/api.w.org\/{rel}","templated":true}]}}