{"id":348201,"date":"2022-06-21T18:04:53","date_gmt":"2022-06-21T16:04:53","guid":{"rendered":"https:\/\/www.pcnen.com\/portal\/?p=348201"},"modified":"2022-06-21T18:06:48","modified_gmt":"2022-06-21T16:06:48","slug":"odgoden-pocetak-sudenja-slobodanu-pekovicu-za-ratni-zlocin-protiv-civilnog-stanovnistva","status":"publish","type":"post","link":"https:\/\/www.pcnen.com\/portal\/2022\/06\/21\/odgoden-pocetak-sudenja-slobodanu-pekovicu-za-ratni-zlocin-protiv-civilnog-stanovnistva\/","title":{"rendered":"Odgo\u0111en po\u010detak su\u0111enja Slobodanu Pekovi\u0107u za ratni zlo\u010din protiv civilnog stanovni\u0161tva"},"content":{"rendered":"<p>Su\u0111enje je odgo\u0111eno zbog opravdanog odsustva jednog od sudija, \u010dlanova specijalnog vije\u0107a.<\/p>\n<p>Pekovi\u0107 se tereti da je kao vojnik Vojske Republike Srpske ubio dvije osobe i silovao \u017eenu bo\u0161nja\u010dke nacionalnosti u Fo\u010di 1992. godine.<\/p>\n<p>Ovo je prvo su\u0111enje u Crnoj Gori za seksualno nasilje izvr\u0161eno tokom rata u Bosni i Hercegovini i \u017ertva tog nasilja \u0107e imati status za\u0161ti\u0107enog svjedoka. Njen punomo\u0107nik, advokat Dalibor Tomovi\u0107, zatra\u017eio je od suda da saslu\u0161anje bude sprovedeno putem video linka.<\/p>\n<p>Za isto djelo seksualnog nasilja na \u0161tetu za\u0161ti\u0107ene svjedokinje, pred Sudom BiH se ve\u0107 vodio postupak protiv Jaska Gazdi\u0107a, koji je zatim pravosna\u017eno osu\u0111en na 17 godina zatvora za to djelo i druge ratne zlo\u010dine. U tom postupku za\u0161ti\u0107ena svjedokinja je decidirano za silovanje optu\u017eila i Gazdi\u0107a i Slobodana Pekovi\u0107a (koji se tada prezivao \u0106ur\u010di\u0107.\u00a0 Sud BiH je u potpunosti poklonio vjeru iskazu svjedokinje jer je veoma uvjerljivo, detaljno i jasno opisala na\u010din izvr\u0161enja djela, potvr\u0111en i medicinskom dokumentacijom.<\/p>\n<p>Pekovi\u0107 se tereti i da je po\u010detkom juna 1992. godine u vojnom napadu na selo Hum, koje pripada Op\u0161tini Fo\u010da, ubio Muja i Eminu \u0160abanovi\u0107. Njihova tijela su izgorjela u ku\u0107i koju je nakon ubistva zapalio.<\/p>\n<p>Prilikom saslu\u0161anja pred Specijalnim dr\u017eavnim tu\u017eila\u0161tvom, Pekovi\u0107 je negirao krivicu.<\/p>\n<p>Specijalno vije\u0107e sudija u ovom predmetu \u010dine sutkinja Nada Rabrenovi\u0107, kao predsjednica i sudije Zoran Radovi\u0107 i Goran \u0160\u0107epanovi\u0107 kao \u010dlanovi. Dr\u017eavna tu\u017eiteljka je Tanja \u010colan Dereti\u0107, koja je upu\u0107ena na rad u Specijalno dr\u017eavno tu\u017eila\u0161tvo.<\/p>\n","protected":false},"excerpt":{"rendered":"<p>Po\u010detak su\u0111enja Slobodanu Pekovi\u0107u, ro\u0111enom \u0106ur\u010di\u0107, optu\u017eenom za ratni zlo\u010din protiv civilnog stanovni\u0161tva, koje je danas trebalo da se odr\u017ei u Vi\u0161em sudu u Podgorici, odgo\u0111eno je za 7. septembar ove godine, kada se o\u010dekuje izno\u0161enje odbrane okrivljenog, objavila je Akcija za ljudska prava, koja je najavila da \u0107e pratiti \u010ditav tok krivi\u010dnog postupka.<\/p>\n","protected":false},"author":1,"featured_media":284302,"comment_status":"open","ping_status":"closed","sticky":false,"template":"","format":"standard","meta":{"_seopress_robots_primary_cat":"","_seopress_titles_title":"","_seopress_titles_desc":"","_seopress_robots_index":"","_et_pb_use_builder":"","_et_pb_old_content":"","_et_gb_content_width":"","inline_featured_image":false,"footnotes":""},"categories":[14],"tags":[],"class_list":["post-348201","post","type-post","status-publish","format-standard","has-post-thumbnail","hentry","category-vijesti"],"_links":{"self":[{"href":"https:\/\/www.pcnen.com\/portal\/wp-json\/wp\/v2\/posts\/348201","targetHints":{"allow":["GET"]}}],"collection":[{"href":"https:\/\/www.pcnen.com\/portal\/wp-json\/wp\/v2\/posts"}],"about":[{"href":"https:\/\/www.pcnen.com\/portal\/wp-json\/wp\/v2\/types\/post"}],"author":[{"embeddable":true,"href":"https:\/\/www.pcnen.com\/portal\/wp-json\/wp\/v2\/users\/1"}],"replies":[{"embeddable":true,"href":"https:\/\/www.pcnen.com\/portal\/wp-json\/wp\/v2\/comments?post=348201"}],"version-history":[{"count":1,"href":"https:\/\/www.pcnen.com\/portal\/wp-json\/wp\/v2\/posts\/348201\/revisions"}],"predecessor-version":[{"id":348202,"href":"https:\/\/www.pcnen.com\/portal\/wp-json\/wp\/v2\/posts\/348201\/revisions\/348202"}],"wp:featuredmedia":[{"embeddable":true,"href":"https:\/\/www.pcnen.com\/portal\/wp-json\/wp\/v2\/media\/284302"}],"wp:attachment":[{"href":"https:\/\/www.pcnen.com\/portal\/wp-json\/wp\/v2\/media?parent=348201"}],"wp:term":[{"taxonomy":"category","embeddable":true,"href":"https:\/\/www.pcnen.com\/portal\/wp-json\/wp\/v2\/categories?post=348201"},{"taxonomy":"post_tag","embeddable":true,"href":"https:\/\/www.pcnen.com\/portal\/wp-json\/wp\/v2\/tags?post=348201"}],"curies":[{"name":"wp","href":"https:\/\/api.w.org\/{rel}","templated":true}]}}