{"id":347284,"date":"2022-06-08T16:40:50","date_gmt":"2022-06-08T14:40:50","guid":{"rendered":"https:\/\/www.pcnen.com\/portal\/?p=347284"},"modified":"2022-06-08T17:44:33","modified_gmt":"2022-06-08T15:44:33","slug":"nece-biti-odmazde-prema-balkanskim-drzavama","status":"publish","type":"post","link":"https:\/\/www.pcnen.com\/portal\/2022\/06\/08\/nece-biti-odmazde-prema-balkanskim-drzavama\/","title":{"rendered":"Zaharova: Ne\u0107e biti odmazde prema balkanskim dr\u017eavama"},"content":{"rendered":"<p>\u201cRusija nikada ne\u0107e u\u010diniti ni\u0161ta \u0161to bi dodatno zakomplikovalo odnose me\u0111u ljudima, jer to rade zapadni partneri, a mi ih zbog toga kritikujemo, jer sve to vodi u uni\u0161tenje i na udar na sve &#8211; od me\u0111unarodnog prava do interesa ljudi\u201d, \u00a0rekla je Zaharova prenosi ruska agencija RIA novosti.<\/p>\n<p>Dodala je, citiraju\u0107i stihove iz pjesme Aleksandra Gradskog, da \u201cni\u0161ta na zemlji ne prolazi nezapa\u017eeno\u201d.<\/p>\n<blockquote><p><em>Crna Gora, S. Makedonija i Bugarska, u skladu sa sankcijama koje je EU uvela protiv ruskih funkcionera zbog agresije na Ukrajinu, donijele su odluku o zabrani letjenja ruskim avionima kroz vazdu\u0161ni prostor tih zemalja \u0161to je Lavrova onemogu\u0107ilo da stigne u Beograd.<\/em><\/p><\/blockquote>\n<blockquote class=\"wp-embedded-content\" data-secret=\"Fp7AQEvQKh\"><p><a href=\"https:\/\/www.pcnen.com\/portal\/2022\/06\/06\/lavrov-nato-i-eu-hoce-da-pretvore-balkan-u-svoj-projekat-zatvoreni-balkan\/\">Lavrov: NATO i EU ho\u0107e da pretvore Balkan u svoj projekat \u2013 Zatvoreni Balkan<\/a><\/p><\/blockquote>\n<p><iframe loading=\"lazy\" class=\"wp-embedded-content\" sandbox=\"allow-scripts\" security=\"restricted\" style=\"position: absolute; clip: rect(1px, 1px, 1px, 1px);\" title=\"&#8220;Lavrov: NATO i EU ho\u0107e da pretvore Balkan u svoj projekat \u2013 Zatvoreni Balkan&#8221; &#8212; PCNEN\" src=\"https:\/\/www.pcnen.com\/portal\/2022\/06\/06\/lavrov-nato-i-eu-hoce-da-pretvore-balkan-u-svoj-projekat-zatvoreni-balkan\/embed\/#?secret=RmDh5OmgXe#?secret=Fp7AQEvQKh\" data-secret=\"Fp7AQEvQKh\" width=\"600\" height=\"338\" frameborder=\"0\" marginwidth=\"0\" marginheight=\"0\" scrolling=\"no\"><\/iframe><\/p>\n","protected":false},"excerpt":{"rendered":"<p>Portparolka ruskog ministarstva vanjskih poslova Marija Zaharova rekla je da Rusija ne\u0107e preduzeti korake odmazde protiv zemalja koje su onemogu\u0107ile posjetu ruskog ministra Sergeja Lavrova Srbiji, ali i poru\u010dila da &#8220;ni\u0161ta ne prolazi nezapa\u017eeno&#8221;, prenosi Tanjug.<\/p>\n","protected":false},"author":1,"featured_media":0,"comment_status":"open","ping_status":"closed","sticky":false,"template":"","format":"standard","meta":{"_seopress_robots_primary_cat":"","_seopress_titles_title":"","_seopress_titles_desc":"","_seopress_robots_index":"","_et_pb_use_builder":"","_et_pb_old_content":"","_et_gb_content_width":"","inline_featured_image":false,"footnotes":""},"categories":[14],"tags":[],"class_list":["post-347284","post","type-post","status-publish","format-standard","hentry","category-vijesti"],"_links":{"self":[{"href":"https:\/\/www.pcnen.com\/portal\/wp-json\/wp\/v2\/posts\/347284","targetHints":{"allow":["GET"]}}],"collection":[{"href":"https:\/\/www.pcnen.com\/portal\/wp-json\/wp\/v2\/posts"}],"about":[{"href":"https:\/\/www.pcnen.com\/portal\/wp-json\/wp\/v2\/types\/post"}],"author":[{"embeddable":true,"href":"https:\/\/www.pcnen.com\/portal\/wp-json\/wp\/v2\/users\/1"}],"replies":[{"embeddable":true,"href":"https:\/\/www.pcnen.com\/portal\/wp-json\/wp\/v2\/comments?post=347284"}],"version-history":[{"count":5,"href":"https:\/\/www.pcnen.com\/portal\/wp-json\/wp\/v2\/posts\/347284\/revisions"}],"predecessor-version":[{"id":347292,"href":"https:\/\/www.pcnen.com\/portal\/wp-json\/wp\/v2\/posts\/347284\/revisions\/347292"}],"wp:attachment":[{"href":"https:\/\/www.pcnen.com\/portal\/wp-json\/wp\/v2\/media?parent=347284"}],"wp:term":[{"taxonomy":"category","embeddable":true,"href":"https:\/\/www.pcnen.com\/portal\/wp-json\/wp\/v2\/categories?post=347284"},{"taxonomy":"post_tag","embeddable":true,"href":"https:\/\/www.pcnen.com\/portal\/wp-json\/wp\/v2\/tags?post=347284"}],"curies":[{"name":"wp","href":"https:\/\/api.w.org\/{rel}","templated":true}]}}