{"id":346931,"date":"2022-06-03T22:25:56","date_gmt":"2022-06-03T20:25:56","guid":{"rendered":"https:\/\/www.pcnen.com\/portal\/?p=346931"},"modified":"2022-06-03T22:25:56","modified_gmt":"2022-06-03T20:25:56","slug":"abazovic-vjerujem-da-ce-dukanovic-na-kraju-mandata-u-penziju","status":"publish","type":"post","link":"https:\/\/www.pcnen.com\/portal\/2022\/06\/03\/abazovic-vjerujem-da-ce-dukanovic-na-kraju-mandata-u-penziju\/","title":{"rendered":"Abazovi\u0107: Vjerujem da \u0107e \u0110ukanovi\u0107 na kraju mandata u penziju"},"content":{"rendered":"<p>Abazovi\u0107 je ispri\u010dao \u0161ta je bio razlog njegove iznenadne posjete Beogradu i o \u010demu je pri\u010dao sa patrijarhom Srpske pravoslavne crkve Porfirijem.<\/p>\n<p>&#8220;Imao sam samo ljudsku potrebu da u jednom, vrlo otvorenom i prijatnom razgovoru sa patrijarhom, objasnim da li\u010dno nemam lo\u0161e namjere, naprotiv&#8221;, poru\u010dio je on.<\/p>\n<p>Smatra da bi najbolja potvrda&#8221;resetovanih&#8221; odnosa sa Srbijom bilo izru\u010denje Svetozara Marovi\u0107a Crnoj Gori, <a href=\"https:\/\/nova.rs\/vesti\/politika\/ekskluzivno-abazovic-prvi-put-javno-govori-o-susretu-sa-patrijarhom-u-beogradu\/\">prenosi nova.rs.<\/a><\/p>\n<p>&#8220;Hipoteti\u010dki bio bi doga\u0111aj da se Svetozar Marovi\u0107 pojavi na grani\u010dnom pelazu i da ga mi u Crnoj Gori privedemo pravdi uz pomo\u0107 nadle\u017enih u Srbiji koji bi tako zavr\u0161ili svoj dio posla&#8221;, poru\u010dio je Abazovi\u0107.<\/p>\n","protected":false},"excerpt":{"rendered":"<p>Premijer Dritan Abazovi\u0107 rekaoje u intervjuu za vikend izdanje lista Nova da vjeruje da \u0107e predsjednik dr\u017eave Milo \u0110ukanovi\u0107 oti\u0107i u penziju nakon isteka mandata.<\/p>\n","protected":false},"author":1,"featured_media":318095,"comment_status":"open","ping_status":"closed","sticky":false,"template":"","format":"standard","meta":{"_seopress_robots_primary_cat":"","_seopress_titles_title":"","_seopress_titles_desc":"","_seopress_robots_index":"","_et_pb_use_builder":"","_et_pb_old_content":"","_et_gb_content_width":"","inline_featured_image":false,"footnotes":""},"categories":[14],"tags":[],"class_list":["post-346931","post","type-post","status-publish","format-standard","has-post-thumbnail","hentry","category-vijesti"],"_links":{"self":[{"href":"https:\/\/www.pcnen.com\/portal\/wp-json\/wp\/v2\/posts\/346931","targetHints":{"allow":["GET"]}}],"collection":[{"href":"https:\/\/www.pcnen.com\/portal\/wp-json\/wp\/v2\/posts"}],"about":[{"href":"https:\/\/www.pcnen.com\/portal\/wp-json\/wp\/v2\/types\/post"}],"author":[{"embeddable":true,"href":"https:\/\/www.pcnen.com\/portal\/wp-json\/wp\/v2\/users\/1"}],"replies":[{"embeddable":true,"href":"https:\/\/www.pcnen.com\/portal\/wp-json\/wp\/v2\/comments?post=346931"}],"version-history":[{"count":1,"href":"https:\/\/www.pcnen.com\/portal\/wp-json\/wp\/v2\/posts\/346931\/revisions"}],"predecessor-version":[{"id":346932,"href":"https:\/\/www.pcnen.com\/portal\/wp-json\/wp\/v2\/posts\/346931\/revisions\/346932"}],"wp:featuredmedia":[{"embeddable":true,"href":"https:\/\/www.pcnen.com\/portal\/wp-json\/wp\/v2\/media\/318095"}],"wp:attachment":[{"href":"https:\/\/www.pcnen.com\/portal\/wp-json\/wp\/v2\/media?parent=346931"}],"wp:term":[{"taxonomy":"category","embeddable":true,"href":"https:\/\/www.pcnen.com\/portal\/wp-json\/wp\/v2\/categories?post=346931"},{"taxonomy":"post_tag","embeddable":true,"href":"https:\/\/www.pcnen.com\/portal\/wp-json\/wp\/v2\/tags?post=346931"}],"curies":[{"name":"wp","href":"https:\/\/api.w.org\/{rel}","templated":true}]}}