{"id":346878,"date":"2022-06-03T12:11:33","date_gmt":"2022-06-03T10:11:33","guid":{"rendered":"https:\/\/www.pcnen.com\/portal\/?p=346878"},"modified":"2022-06-03T12:11:33","modified_gmt":"2022-06-03T10:11:33","slug":"evropa-zdaj","status":"publish","type":"post","link":"https:\/\/www.pcnen.com\/portal\/2022\/06\/03\/evropa-zdaj\/","title":{"rendered":"Evropa zdaj"},"content":{"rendered":"<p>\u201eEvropa zdaj\u201c je bila \u2013 ko se sje\u0107a, parola Slovenije kada je krenula da se otcijepi od Jugoslavije. To je zemlja koja u svemu mo\u017ee da bude uzor ostalim, zavisnim i u korupciji ogrezlim dr\u017eavicima Balkana. Sre\u0111ena u svakom pogledu, ekolo\u0161ka za uzor, a ne kao na\u0161a \u2013 samo na papiru. Iako mala, Slovenija ima svoje ja u me\u0111unarodnom poretku. Poslije kontroverznog, desni\u010darskog Jan\u0161e, upravo je dobila novu vladu i premijera Goloba, koji daje nadu i \u00a0obe\u0107ava, pozitivno se razlikuje od drugih lidera, ne samo Balkana ve\u0107 i zapadne Evrope.<\/p>\n<p>Na\u0161a pro\u0161la i kratkotrajna vlada, sastavljena uglavnom od amatera, \u0161arlatana i \u010dudnih vjernika, u momentu kada je vidjela da joj se bli\u017ei kraj, iza\u0161la je sa programom \u201eEvropa sad\u201c. Trideset godina kasnimo za Slovenijom u svemu. Neinvetivni i do zla boga zatupljeni, nijesmo umjeli smisliti ni slogan koji bi bio originalan, mada je slogan samo slogan. Bitna su djela.<\/p>\n<p>Bez obzira \u0161to sam ekonomski laik, program \u201eEvropa sad\u201c kojim su pove\u0107anje plata u prosjeku za 20-30%, minimalne penzije na 200.00 eura, po koem sva djeca do 18 godina treba da primaju dje\u010diji dodatak a \u00a0majkama sa troje djece se vra\u0107aju naknade \u2013 ve\u0107e od mnogih penzija, uz vanredno pove\u0107anje plata u zdravstvu i \u0161kolstvu, smatrao sam tempiranim nizom dinamita sa brzogoru\u0107im \u0161tapinom odlaze\u0107e vlade, pode\u0161enih tako da serijski eksplodiraju u mandatu nekoliko narednih vlada. Logika mi je nalagala da toliko pove\u0107anje plata i novouvedinih socijalnih davanja nijesu mogu\u0107a bez jakog zamaha privrede, proizvodnje prije svega, te racionalizacije javne administracija &#8211; a ni\u0161ta od toga se nije desilo. Naprotiv, gase se ili su postali gubita\u0161i i to malo proizvodnih i do skoro profitabilnih preduze\u0107a (\u017deljezara, KAP, Planta\u017ee&#8230;), a nefikasna i glomazna dr\u017eavna administracija se i dalje uve\u0107avala, opet partijskim &#8211; plus crkvenim \u201ekadrovima\u201c, jer je Crkva kod pro\u0161le Vlade postala partija koja ima najve\u0107u mo\u0107 i uticaj.<\/p>\n<p>Po\u0161tovani narod voli iluzije. Svi \u201enarodi\u201c su takvi, a na\u0161 posebno. Blagovremeno javno izra\u017eenu nevjericu saop\u0161tenu putem tekstova na blogu i objava na fejsbuku da je program \u201eEvropa sad\u201c neodr\u017eiv, \u010dak veoma opasan za stabilnost dr\u017eave i dru\u0161tva \u2013 om\u010da oko vrata nekoliko budu\u0107ih vlada, do\u010dekana je na no\u017e. Sa svih strana optu\u017eivan sam da sam pesimista, zlonamjeran, da se ne razumijem u ekonomiju(\u0161to je istina), te da Milojko, Jakov, Zdravko i Dritan znaju \u0161to rade. U jednom trenutku sam se i sam pokolebao, po\u010deo da se preispitujem. Kafeni\u0161u\u0107i tada sa jednim visokim funkcionerom biv\u0161e vlade, prenio sam mu navedene \u00a0li\u010dne stavove i procjene, na \u0161to mi je odgovorio da je i on, iako nije ekonomista, skepti\u010dan prema planu \u201eEvropa sad\u201c, stoga se konsultovao sa sada aktuelnim ministrom finansija Damjanovi\u0107em, koji mu je rekao da bez novih i pozama\u0161nih zadu\u017eenje program \u201eEvropa sad\u201c jednostavno nije \u00a0mogu\u0107.<\/p>\n<p>A da doista nije mogu\u0107 pokazuje praksa, tj. rupe u bud\u017eetu stvorene nakon samo par mjeseci implementacije programa, posebno one u Fondu Zdravstva i prihodima op\u0161tina. Me\u0111utim, populizam, amaterizam i avanturizam biv\u0161e vlade jo\u0161 niko nema petlje javno raskrinkati, nazvati ga pravim imenom. A i ko bi, kada je sve partijski a ne dr\u017eavni interes, kada je i nova vlada sastavljena na bazi trulih partijskih\u00a0 kompromisa, sa opet uglavnom amaterima, gdje je partijska podobnost i zapo\u0161ljavanje po \u201edubini\u201c prvi i najvi\u017eniji prioritet.<\/p>\n<p>Ako aktuelna vlada ne bude mogla da realizuje program \u201eEvropa sad\u201c \u2013 a o\u010digledno je da ne\u0107e mo\u0107i bez novih i pozama\u0161nih zadu\u017eivanja, krenu\u0107e serije protesta koje \u0107e dodatno uslo\u017enjavati situaciju, radikalizuju\u0107i je, pogotovu u susret novim izborima. Nova vlada poslije prolje\u0107nih izbora naredne godine \u0107e se tako\u0111e suo\u010diti sa istim problemom, a pozajmljivati do beskona\u010dnosti ne mo\u017eemo. Dakle, neko sa autoritetom, nezavistan i stru\u010dan, morao bi najzad jasno i glasno saop\u0161titi perspektivu programa \u201eEvropa sad\u201c, prije svega da li je on mogu\u0107 i ostvarljiv bez stalnih zadu\u017eenja? Pla\u0161im se da takvog autoriteta \u00a0nemamo, a i kada bi ga imali, na\u0161i intelektualci i stru\u010dnjaci ne vole da se bolnim istinama zamjeraju \u201enarodu\u201c. Politi\u010dari su tek pri\u010da za sebe.<\/p>\n<p>U svemu je mo\u017eda dobro \u0161to \u0107e i iza Milivoja Katni\u0107a ostati neka vizionarska poruka, svojevremeni savjet da sadimo luk.<\/p>\n<p>Sadi\u0107e ga i ko ne\u0107e, pla\u0161im se. \u00a0Pogotovo ako u\u0111emo u aran\u017emane sa MMF-om.<\/p>\n","protected":false},"excerpt":{"rendered":"<p>Pi\u0161e: Omer \u0160ARKI\u0106<\/p>\n","protected":false},"author":12,"featured_media":286086,"comment_status":"open","ping_status":"closed","sticky":false,"template":"","format":"standard","meta":{"_seopress_robots_primary_cat":"","_seopress_titles_title":"","_seopress_titles_desc":"","_seopress_robots_index":"","_et_pb_use_builder":"","_et_pb_old_content":"","_et_gb_content_width":"","inline_featured_image":false,"footnotes":""},"categories":[17],"tags":[],"class_list":["post-346878","post","type-post","status-publish","format-standard","has-post-thumbnail","hentry","category-blogovi"],"_links":{"self":[{"href":"https:\/\/www.pcnen.com\/portal\/wp-json\/wp\/v2\/posts\/346878","targetHints":{"allow":["GET"]}}],"collection":[{"href":"https:\/\/www.pcnen.com\/portal\/wp-json\/wp\/v2\/posts"}],"about":[{"href":"https:\/\/www.pcnen.com\/portal\/wp-json\/wp\/v2\/types\/post"}],"author":[{"embeddable":true,"href":"https:\/\/www.pcnen.com\/portal\/wp-json\/wp\/v2\/users\/12"}],"replies":[{"embeddable":true,"href":"https:\/\/www.pcnen.com\/portal\/wp-json\/wp\/v2\/comments?post=346878"}],"version-history":[{"count":3,"href":"https:\/\/www.pcnen.com\/portal\/wp-json\/wp\/v2\/posts\/346878\/revisions"}],"predecessor-version":[{"id":346883,"href":"https:\/\/www.pcnen.com\/portal\/wp-json\/wp\/v2\/posts\/346878\/revisions\/346883"}],"wp:featuredmedia":[{"embeddable":true,"href":"https:\/\/www.pcnen.com\/portal\/wp-json\/wp\/v2\/media\/286086"}],"wp:attachment":[{"href":"https:\/\/www.pcnen.com\/portal\/wp-json\/wp\/v2\/media?parent=346878"}],"wp:term":[{"taxonomy":"category","embeddable":true,"href":"https:\/\/www.pcnen.com\/portal\/wp-json\/wp\/v2\/categories?post=346878"},{"taxonomy":"post_tag","embeddable":true,"href":"https:\/\/www.pcnen.com\/portal\/wp-json\/wp\/v2\/tags?post=346878"}],"curies":[{"name":"wp","href":"https:\/\/api.w.org\/{rel}","templated":true}]}}