{"id":346612,"date":"2022-05-30T13:52:59","date_gmt":"2022-05-30T11:52:59","guid":{"rendered":"https:\/\/www.pcnen.com\/portal\/?p=346612"},"modified":"2022-05-30T13:53:37","modified_gmt":"2022-05-30T11:53:37","slug":"dikic-optuzuje-katnica-i-cadenovica","status":"publish","type":"post","link":"https:\/\/www.pcnen.com\/portal\/2022\/05\/30\/dikic-optuzuje-katnica-i-cadenovica\/","title":{"rendered":"Diki\u0107 optu\u017euje Katni\u0107a i \u010ca\u0111enovi\u0107a"},"content":{"rendered":"<p>\u201cZa vreme su\u0111enja u pomenutom predmetu, Katni\u0107 i \u010ca\u0111enovi\u0107 su me 24 puta izvodili iz spu\u0161kog zatvora da bih pregovarao sa njima. Naj\u010de\u0161\u0107e su me izvodili u popodnevnim \u010dasovima, a od mene su tra\u017eili da la\u017eno svedo\u010dim protiv Mandi\u0107a i Kne\u017eevi\u0107a. Tako\u0111e, tra\u017eili su da za dr\u017eavni udar optu\u017eim Aleksandra Vu\u010di\u0107a, predsednika Srbije i Srpsku pravoslavnu crkvu, da oni stoje iza svega toga. Pod tim pritiscima ja sam delimi\u010dno i izmijenio svoj prvi iskaz koji sam dao, oni su to iznudili od mene pod pritiskom. Tako\u0111e, dok je trajalo su\u0111enje, specijalni tu\u017eilac Sa\u0161a \u010ca\u0111enovi\u0107 je pozivao moju suprugu preko vajbera i poku\u0161avao da je pritisne kako bi i ona uticala na mene da la\u017eno svedo\u010dim protiv ovih ljudi\u201c, kazao je Diki\u0107 danas u sudnici Vi\u0161eg suda, prenosi portal Borba.<\/p>\n<p>Su\u0111enje je odgo\u0111eno jer je odbrana zatra\u017eila izuze\u0107e Specijalnog tu\u017eioca Sa\u0161e \u010ca\u0111enovi\u0107a.<\/p>\n<blockquote class=\"wp-embedded-content\" data-secret=\"pwis29jo6Y\"><p><a href=\"https:\/\/www.pcnen.com\/portal\/2022\/05\/30\/ponovo-odgodeno-sudenje-za-drzavni-udar-3\/\">Ponovo odgo\u0111eno su\u0111enje za &#8220;dr\u017eavni udar&#8221;<\/a><\/p><\/blockquote>\n<p><iframe loading=\"lazy\" class=\"wp-embedded-content\" sandbox=\"allow-scripts\" security=\"restricted\" style=\"position: absolute; clip: rect(1px, 1px, 1px, 1px);\" title=\"&#8220;Ponovo odgo\u0111eno su\u0111enje za &#8220;dr\u017eavni udar&#8221;&#8221; &#8212; PCNEN\" src=\"https:\/\/www.pcnen.com\/portal\/2022\/05\/30\/ponovo-odgodeno-sudenje-za-drzavni-udar-3\/embed\/#?secret=8z7avbhXQE#?secret=pwis29jo6Y\" data-secret=\"pwis29jo6Y\" width=\"600\" height=\"338\" frameborder=\"0\" marginwidth=\"0\" marginheight=\"0\" scrolling=\"no\"><\/iframe><\/p>\n","protected":false},"excerpt":{"rendered":"<p>Penzionisani srbijanski \u017eandarmerijski general Bratislav Diki\u0107, osu\u0111en u procesu poznatom kao dr\u017eavni udar, danas je optu\u017eio biv\u0161eg glavnog specijalnog tu\u017eioca CG Milivoja Katni\u0107a i njegovog zamjenika Sa\u0161u \u010ca\u0111enovi\u0107a da su ga tokom su\u0111enja pritiskali da la\u017eno optu\u017euje lidere Demokratskog fronta Andriju Mandi\u0107a i Milana Kne\u017eevi\u0107a, predsjednika Srbije Aleksandra Vu\u010di\u0107a i Srpsku pravoslavnu crkvu.<\/p>\n","protected":false},"author":1,"featured_media":215123,"comment_status":"open","ping_status":"closed","sticky":false,"template":"","format":"standard","meta":{"_seopress_robots_primary_cat":"","_seopress_titles_title":"","_seopress_titles_desc":"","_seopress_robots_index":"","_et_pb_use_builder":"","_et_pb_old_content":"","_et_gb_content_width":"","inline_featured_image":false,"footnotes":""},"categories":[14],"tags":[1769,859,560,818],"class_list":["post-346612","post","type-post","status-publish","format-standard","has-post-thumbnail","hentry","category-vijesti","tag-bratislav-dikic","tag-cadenovic","tag-drzavni-udar","tag-katnic"],"_links":{"self":[{"href":"https:\/\/www.pcnen.com\/portal\/wp-json\/wp\/v2\/posts\/346612","targetHints":{"allow":["GET"]}}],"collection":[{"href":"https:\/\/www.pcnen.com\/portal\/wp-json\/wp\/v2\/posts"}],"about":[{"href":"https:\/\/www.pcnen.com\/portal\/wp-json\/wp\/v2\/types\/post"}],"author":[{"embeddable":true,"href":"https:\/\/www.pcnen.com\/portal\/wp-json\/wp\/v2\/users\/1"}],"replies":[{"embeddable":true,"href":"https:\/\/www.pcnen.com\/portal\/wp-json\/wp\/v2\/comments?post=346612"}],"version-history":[{"count":1,"href":"https:\/\/www.pcnen.com\/portal\/wp-json\/wp\/v2\/posts\/346612\/revisions"}],"predecessor-version":[{"id":346613,"href":"https:\/\/www.pcnen.com\/portal\/wp-json\/wp\/v2\/posts\/346612\/revisions\/346613"}],"wp:featuredmedia":[{"embeddable":true,"href":"https:\/\/www.pcnen.com\/portal\/wp-json\/wp\/v2\/media\/215123"}],"wp:attachment":[{"href":"https:\/\/www.pcnen.com\/portal\/wp-json\/wp\/v2\/media?parent=346612"}],"wp:term":[{"taxonomy":"category","embeddable":true,"href":"https:\/\/www.pcnen.com\/portal\/wp-json\/wp\/v2\/categories?post=346612"},{"taxonomy":"post_tag","embeddable":true,"href":"https:\/\/www.pcnen.com\/portal\/wp-json\/wp\/v2\/tags?post=346612"}],"curies":[{"name":"wp","href":"https:\/\/api.w.org\/{rel}","templated":true}]}}