{"id":346591,"date":"2022-05-30T10:30:38","date_gmt":"2022-05-30T08:30:38","guid":{"rendered":"https:\/\/www.pcnen.com\/portal\/?p=346591"},"modified":"2022-05-30T11:04:49","modified_gmt":"2022-05-30T09:04:49","slug":"ikovic-iz-morace-cemo-prije-upecati-kilo-plastike-nego-kilo-ribe","status":"publish","type":"post","link":"https:\/\/www.pcnen.com\/portal\/2022\/05\/30\/ikovic-iz-morace-cemo-prije-upecati-kilo-plastike-nego-kilo-ribe\/","title":{"rendered":"Ikovi\u0107: Iz Mora\u010de \u0107emo prije upecati kilo plastike, nego kilo ribe"},"content":{"rendered":"<p>Za to navodi i konkretan primjer kad su u pitanju ribolov i Mora\u010da, ali i izda\u0161nost vodoizvori\u0161ta kojim se snabdijeva crnogorsko primorje.<\/p>\n<p>Ikovi\u0107 je u emisiji &#8220;Dobro jutro Crna Goro&#8221; na TVCG1 kazao da se prije tridesetak godina u Podgorici za pola sata mogao upecati ru\u010dak ribe iz Mora\u010de, dok bi danas za dva kilograma ribe iz te rijeke trebalo mjesec dana.<\/p>\n<p>&#8220;Prije \u0107ete upecati kilo plastike, nego kilo ribe. Okrenimo se na glavni izvor koji snabdijeva primorje pitkom vodom. Mi smo imali prije 15-ak godina oko 2.500 litara vode u sekundi sa tog izvora, sada od 300 do 350. E sad vidite kakav je to udarac od strane prirode&#8221;, rekao je Ikovi\u0107.<\/p>\n<p>Ka\u017ee da nam priroda uzima pitku vodu i hranu jer se prema njoj ne odnosimo onako kako bi trebalo, prenosi portal RTCG.<\/p>\n<p>Smatra i da se opet tro\u0161i vrijeme na odbranu prirode i na\u0161eg prostora od lo\u0161ih projekata, te da nije materijalizovano obe\u0107anje da prostor Sinjajevine ne\u0107e biti vojni poligon.<\/p>\n<p>&#8220;Imali smo tu prvu odluku da \u0107e Sinjajevina postati o\u010duvano prirodno dobro, pa je tek onda uslijedila odluka da \u0107e to biti neki tip vojnog poligona. Onda je uslijedilo drugo obe\u0107anje da ne\u0107e biti vojni poligon, nego \u0107e stvarno se ozvani\u010diti postupak za\u0161tite koji ubrzava razvoj lokalne zajednice. Ali to obe\u0107anje se nije materijalizovalo. Prolongiraju se stvari, a mi tro\u0161imo vrijeme na odbranu prirode i na\u0161eg prostora od lo\u0161ih projekata&#8221;, rekao je Ikovi\u0107.<\/p>\n<p>On je kazao da su najave nadle\u017enih da \u0107emo spremno do\u010dekati sezonu po\u017eara, \u0161to je bio slu\u010daj i tokom pro\u0161le godine kada, kako je rekao, nijesmo imali nijedan avion koji je fabri\u010dki napravljen za ga\u0161enje.<\/p>\n<p>&#8220;Samo pro\u0161le godine smo izgubili oko 140 km\/2 \u0161uma. Kad se primijeni evropski model ukupne \u0161tete to je oko 280 miliona eura&#8221;, rekao je Ikovi\u0107.<\/p>\n<p>Govore\u0107i o eksploatacije \u0161ljunka iz korita Mora\u010de, te snimaka sa Tare, Ikovi\u0107 ka\u017ee da je to svakodnevica.<\/p>\n<p>&#8220;To je ono \u0161to \u010dudno. Doka\u017eemo problem, doka\u017eemo kra\u0111u i nastavlja se kra\u0111a. Mi nemamo sistem. Danas imate va\u0111enje pijeska iz ve\u0107ina rije\u010dnih tokova koje imaju pijesak i \u0161ljunak i ti preuzetnici kr\u0161e stvari, a niko ih ne sankcioni\u0161e&#8221;, rekao je Ikovi\u0107.<\/p>\n","protected":false},"excerpt":{"rendered":"<p>Biolog i \u010dlan pokreta Preokret Vuk Ikovi\u0107 kazao je da priroda \u010dovje\u010danstvu uzvra\u0107a udarac, te da \u0107emo tek na na\u0161oj ko\u017ei osjetiti pritiske prema prirodi.<\/p>\n","protected":false},"author":1,"featured_media":289657,"comment_status":"open","ping_status":"closed","sticky":false,"template":"","format":"standard","meta":{"_seopress_robots_primary_cat":"","_seopress_titles_title":"","_seopress_titles_desc":"","_seopress_robots_index":"","_et_pb_use_builder":"","_et_pb_old_content":"","_et_gb_content_width":"","inline_featured_image":false,"footnotes":""},"categories":[14],"tags":[],"class_list":["post-346591","post","type-post","status-publish","format-standard","has-post-thumbnail","hentry","category-vijesti"],"_links":{"self":[{"href":"https:\/\/www.pcnen.com\/portal\/wp-json\/wp\/v2\/posts\/346591","targetHints":{"allow":["GET"]}}],"collection":[{"href":"https:\/\/www.pcnen.com\/portal\/wp-json\/wp\/v2\/posts"}],"about":[{"href":"https:\/\/www.pcnen.com\/portal\/wp-json\/wp\/v2\/types\/post"}],"author":[{"embeddable":true,"href":"https:\/\/www.pcnen.com\/portal\/wp-json\/wp\/v2\/users\/1"}],"replies":[{"embeddable":true,"href":"https:\/\/www.pcnen.com\/portal\/wp-json\/wp\/v2\/comments?post=346591"}],"version-history":[{"count":2,"href":"https:\/\/www.pcnen.com\/portal\/wp-json\/wp\/v2\/posts\/346591\/revisions"}],"predecessor-version":[{"id":346593,"href":"https:\/\/www.pcnen.com\/portal\/wp-json\/wp\/v2\/posts\/346591\/revisions\/346593"}],"wp:featuredmedia":[{"embeddable":true,"href":"https:\/\/www.pcnen.com\/portal\/wp-json\/wp\/v2\/media\/289657"}],"wp:attachment":[{"href":"https:\/\/www.pcnen.com\/portal\/wp-json\/wp\/v2\/media?parent=346591"}],"wp:term":[{"taxonomy":"category","embeddable":true,"href":"https:\/\/www.pcnen.com\/portal\/wp-json\/wp\/v2\/categories?post=346591"},{"taxonomy":"post_tag","embeddable":true,"href":"https:\/\/www.pcnen.com\/portal\/wp-json\/wp\/v2\/tags?post=346591"}],"curies":[{"name":"wp","href":"https:\/\/api.w.org\/{rel}","templated":true}]}}