{"id":346317,"date":"2022-05-26T10:51:42","date_gmt":"2022-05-26T08:51:42","guid":{"rendered":"https:\/\/www.pcnen.com\/portal\/?p=346317"},"modified":"2022-05-26T10:51:42","modified_gmt":"2022-05-26T08:51:42","slug":"deportacija-30-godina","status":"publish","type":"post","link":"https:\/\/www.pcnen.com\/portal\/2022\/05\/26\/deportacija-30-godina\/","title":{"rendered":"Deportacija \u2013 30 godina"},"content":{"rendered":"<p>Ju\u010de se navr\u0161ilo trideset godina od deportacije BiH izbjeglica, najve\u0107eg ratnog zlo\u010dina u novijoj istoriji Crne Gore, koji je ostao neprocesuiran, kao i ve\u0107ina ratnih zlo\u010dina iz devedesetih. Iako \u201eCrna Gora nije u\u010destvovala u ratu\u201c, njena vlast i gra\u0111ani su \u010dinili ratne zlo\u010dine, kako u zemlji tako u okru\u017eenju. Za ratni zlo\u010din deportacije \u2013 koji ne zastarijeva, komandnu odgovornost snosi tada\u0161nji predsjednik Vlade Milo \u0110ukanovi\u0107. Momir Bulatovi\u0107, predsjednik dr\u017eave u tom periodu, svojevremeno je izjavio da je to bila \u201etragi\u010dna gre\u0161ka\u201c, a na\u0161e sudstvo i tu\u017eila\u0161tvo, trideset godina pod apsolutnom kontrolom iste vlasti iz devedesetih, \u201enormalno\u201c da nije procesuiralo odgovorne za \u201etragi\u010dne gre\u0161ke\u201c. Sve se zavr\u0161ilo na poravnjanju sa porodicama uhap\u0161enih i uglavnom ubijenih \u2013 izbjeglih civila, i isplatu od\u0161tete, \u010dime je dr\u017eava priznala krivicu.<\/p>\n<p>Crnogorska policija je sa prolje\u0107a 1992. godine u op\u0161toj hajci hapsila od rata izbjegle civile \u2013 Bo\u0161njake, koje je li\u010dilo na hap\u0161enje Jevreja od strane nacisti\u010dke Njema\u010dke za vrijeme II svjetskog rata, u stvorenoj atmosferi koja je prema manjinama, posebno Bo\u0161njacima, bila skoro identi\u010dna. U toj akciji &#8211; koja je trajala du\u017ee nego se predstavlja, uhap\u0161en je i odre\u0111en broj Srba, koji su mobilisani u tada paravojsku, tada nepriznate Republike Srpske. Me\u0111unarodno je bila priznata samo vlada u Sarajevu. Me\u0111utim, Crna Gora je tada bila politi\u010dki, vojni i propagandni saveznik bosankih Srba, a ovo \u0161to nam se decenijama poslije predstavljalo i poredstavlja &#8211; je la\u017e: la\u017enih istori\u010dara, re\u017eimskih novinara i medija, intelektualaca ili \u201eintelektualaca\u201c, akademika ili \u201eakademika\u201c. I danas ne mali broj politi\u010dkih lidera i javnih li\u010dnosti ratni zlo\u010din deportacije intimno smatra legitimnim i patriotskim \u010dinom. Zato, osim pravosu\u0111a, ni ve\u0107ina aktuelne politi\u010dke elite, \u010dak i one koje nija imala direktne veze sa tim zlo\u010dinom, nije \u017eeljela da taj i drugi sli\u010dni slu\u010dajevi dobiju adekvatan pravosudni epilog.<\/p>\n<p>Od kada se desio zlo\u010din deportacije, a dobro se sje\u0107aju\u0107i tada stvorene atmosfere \u2013 koju je te\u0161ko opisati i mnogima bi sada izgledala nezamisliva i uveli\u010dana &#8211; zalagao sam se za njegovo potpuno rasvjetljavanje i procesuiranje odgovornih: pi\u0161u\u0107i tekstove, komentare, javne tu\u017ebe; u\u010destvuju\u0107i na tribinama, komemoracijama ili tra\u017ee\u0107i da se doga\u0111aj obilje\u017ei kao Dan sje\u0107anja, \u0161to sam poslije promjene vlasti uradio pro\u0161le godine, zvani\u010dnim zahtjevom upu\u0107enim tada\u0161njem predsjedniku Skup\u0161tine Aleksi Be\u010di\u0107u.<br \/>\n<a href=\"https:\/\/www.pcnen.com\/portal\/2021\/05\/17\/inicijativa-lustracija-i-deportacija\/\">https:\/\/www.pcnen.com\/portal\/2021\/05\/17\/inicijativa-lustracija-i-deportacija\/<\/a><\/p>\n<p>Iako je na \u010delo Skup\u0161tine izabran Aleksa Be\u010di\u0107 iz Demokrata, koji su se predstavljali kao gra\u0111anska stranka, inicijativa da se zlo\u010din deportacije na adekvatan na\u010din, kao Dan sje\u0107anja, obilje\u017ei u holu Skup\u0161tine, odbijen je \u201e\u0107utanjem administracije\u201c. Istine radi, pozvao me je telefonom jedan od savjetnika gospodina Be\u010di\u0107a, tra\u017ee\u0107i da povu\u010dem inicijativu jer nije pravi politi\u010dki trenutak(!?), \u0161to sam odbio. Nema \u201epravih\u201c i \u201ekrivih\u201c momenata kada je pravda u pitanju, pogotovo pravda koja se \u010deka 30 godina. Za\u0161to je inicijativa odbijena, u atmosferi koju je stvorila nova ve\u0107ina na \u010delu sa premijerom Krivokapi\u0107em, meni je postalo savr\u0161eno jasno, a nadam se da je i vama koji ovo \u010ditate.<\/p>\n<p>Zanimljivo je i da su se dan ili dva nakon \u0161to sam javno objavio da sam podnio inicijativu i da je ona odbijena, oglasile Akcija za ljudska prava i Centar za gra\u0111ansko obrazovanje, sa istim predlogom!<\/p>\n<p>Samo par dana nakon pro\u0161logodi\u0161nje komemoracije povodom deportacije, na kojem, po tradiciji, nije bilo nikog iz dr\u017eavnog vrha &#8211;\u00a0 \u010dak ni Abazovi\u0107a, obilje\u017eena je godi\u0161njica ubistva Du\u0161ka Jovanovi\u0107a, gdje je u\u010destvovao skoro kompletan dr\u017eavni vrh, na \u010delu sa tada\u0161njim premijerom Krivokapi\u0107em, vicepremijerom Abazovi\u0107em, \u00a0ministrom unutra\u0161njih poslova Sekulovi\u0107em&#8230; Valjda je za tu komemoraciju \u2013 protiv koje nemam ni\u0161ta protiv &#8211; bio pravi politi\u010dki momenat, a za deportaciju nije!<\/p>\n<p>Ove godine, najzad, situacija se promjenila. U Herceg Novom je bila visoka dr\u017eavna delegacija na \u010delu sa ministrom unutra\u0161njih poslova Ad\u017ei\u0107em. Na moje veliko iznena\u0111enje, delegacija Bo\u0161nja\u010dke stranke tako\u0111e je prisustvovala skupu, iste one BS koja je to godinama izbjegavala, a koja kao dugogodi\u0161nji participant u vlasti odgovornoj za deportaciju ni\u0161ta nije radila i uradila na rasvjetljavanju i stvaranju atmosfere za procesuiranja krivaca za zlo\u010dine iz devedestih. Ju\u010de je ministar Filip Ad\u017ei\u0107 uputio izvinjenje u ime dr\u017eave zbog zlo\u010dina, sa nadom da se ne\u0161to sli\u010dno nikada vi\u0161e ne\u0107e ponoviti \u2013 \u0161to pozdravljam. Ali, da se zlo\u010dini ne bi ponavljali u ratovima koji svako malo izbijaju na podru\u010dju Balkana, zlo\u010dinci, a posebno njihovi inspiratori, moraju se procesuirati i kazniti, kao nauk \u00a0drugima da ih ne ponove. Nadu da \u0107e i odgovornost za ratne zlo\u010dine do\u0107i na red, budi mi dosada\u0161nje djelovanje novog Specijalnog dr\u017eavnog tu\u017eioca Novovi\u0107a, i najzad, \u010dini mi se, postojanje politi\u010dke volje da se i u taj proces krene.<\/p>\n<p>Kako za plja\u010dku dr\u017eave i njenih gra\u0111ana, tako za ratne zlo\u010dine, va\u017ei isto pravilo: ako se odgovorni za plja\u010dke ne kazne, nove \u201eelite\u201c \u0107e biti ohrabrene da nastave tim putem,\u00a0 ako se odgovorni za ratne zlo\u010dine ne kazne, u nekom novom ratu oni \u0107e se ponoviti, mo\u017eda u jo\u0161 gorem obliku.<\/p>\n<p>U prilogu su jo\u0161 dva teksta od mnogih koje sam napisao na ovu temu.<\/p>\n<p><a href=\"https:\/\/www.pcnen.com\/portal\/2009\/02\/27\/drzavnoj-tuziteljki\/?fbclid=IwAR3L_V3s61fx6FCSHm4jhUA2Tt8XSZneW0f8HUFHNNAp2dCLVzcqkkud_Qs\">https:\/\/www.pcnen.com\/portal\/2009\/02\/27\/drzavnoj-tuziteljki\/?fbclid=IwAR3L_V3s61fx6FCSHm4jhUA2Tt8XSZneW0f8HUFHNNAp2dCLVzcqkkud_Qs<\/a><\/p>\n<p><a href=\"https:\/\/www.vijesti.me\/blogovi\/106288\/deportacija-puc-i-neobavijesteni-premijer\">https:\/\/www.vijesti.me\/blogovi\/106288\/deportacija-puc-i-neobavijesteni-premijer<\/a><\/p>\n","protected":false},"excerpt":{"rendered":"<p>Pi\u0161e: Omer \u0160ARKI\u0106<\/p>\n","protected":false},"author":12,"featured_media":320399,"comment_status":"open","ping_status":"closed","sticky":false,"template":"","format":"standard","meta":{"_seopress_robots_primary_cat":"","_seopress_titles_title":"","_seopress_titles_desc":"","_seopress_robots_index":"","_et_pb_use_builder":"","_et_pb_old_content":"","_et_gb_content_width":"","inline_featured_image":false,"footnotes":""},"categories":[17],"tags":[1169,834],"class_list":["post-346317","post","type-post","status-publish","format-standard","has-post-thumbnail","hentry","category-blogovi","tag-omer-sarkic","tag-zlocin-deportacije"],"_links":{"self":[{"href":"https:\/\/www.pcnen.com\/portal\/wp-json\/wp\/v2\/posts\/346317","targetHints":{"allow":["GET"]}}],"collection":[{"href":"https:\/\/www.pcnen.com\/portal\/wp-json\/wp\/v2\/posts"}],"about":[{"href":"https:\/\/www.pcnen.com\/portal\/wp-json\/wp\/v2\/types\/post"}],"author":[{"embeddable":true,"href":"https:\/\/www.pcnen.com\/portal\/wp-json\/wp\/v2\/users\/12"}],"replies":[{"embeddable":true,"href":"https:\/\/www.pcnen.com\/portal\/wp-json\/wp\/v2\/comments?post=346317"}],"version-history":[{"count":3,"href":"https:\/\/www.pcnen.com\/portal\/wp-json\/wp\/v2\/posts\/346317\/revisions"}],"predecessor-version":[{"id":346322,"href":"https:\/\/www.pcnen.com\/portal\/wp-json\/wp\/v2\/posts\/346317\/revisions\/346322"}],"wp:featuredmedia":[{"embeddable":true,"href":"https:\/\/www.pcnen.com\/portal\/wp-json\/wp\/v2\/media\/320399"}],"wp:attachment":[{"href":"https:\/\/www.pcnen.com\/portal\/wp-json\/wp\/v2\/media?parent=346317"}],"wp:term":[{"taxonomy":"category","embeddable":true,"href":"https:\/\/www.pcnen.com\/portal\/wp-json\/wp\/v2\/categories?post=346317"},{"taxonomy":"post_tag","embeddable":true,"href":"https:\/\/www.pcnen.com\/portal\/wp-json\/wp\/v2\/tags?post=346317"}],"curies":[{"name":"wp","href":"https:\/\/api.w.org\/{rel}","templated":true}]}}